{"id":5657,"date":"2022-06-28T21:29:22","date_gmt":"2022-06-29T02:29:22","guid":{"rendered":"https:\/\/noticiasveracruz.com\/?p=5657"},"modified":"2022-06-28T21:29:22","modified_gmt":"2022-06-29T02:29:22","slug":"patrulla-fronteriza-eu-trafico-de-migrantes-en-manos-del-cartel-del-noroeste","status":"publish","type":"post","link":"https:\/\/noticiasveracruz.com\/index.php\/2022\/06\/28\/patrulla-fronteriza-eu-trafico-de-migrantes-en-manos-del-cartel-del-noroeste\/","title":{"rendered":"Patrulla fronteriza EU: Tr\u00e1fico de migrantes en manos del C\u00e1rtel del Noroeste"},"content":{"rendered":"<p>&nbsp;<\/p>\n<p class=\"p3\"><span style=\"font-size: 14pt;\"><em><strong>Laredo.<\/strong> <\/em><strong>El\u00a0C\u00e1rtel del Noroeste\u00a0es uno de los principales responsables del tr\u00e1fico de migrantes en la frontera de\u00a0Estados Unidos con M\u00e9xico<\/strong>, as\u00ed dio a conocer Greg Burwell,\u00a0comandante adjunto Patrulla Fronteriza, sector Laredo. <\/span><\/p>\n<blockquote>\n<p class=\"p3\"><span style=\"font-size: 14pt;\">Hoy el C\u00e1rtel del Noreste lleva a los migrantes a sus llamadas casas de seguridad, que m\u00e1s bien son escondites o en veh\u00edculos y los deja abandonados, sin agua ni alimentos\u201d<\/span><\/p>\n<\/blockquote>\n<p class=\"p3\"><span style=\"font-size: 18pt;\"><strong>Y es que despu\u00e9s de la tragedia en San Antonio, Texas, en la que murieron al menos 50 migrantes, 22 de ellos mexicanos y el resto de Centroam\u00e9rica, Greg Burwell explic\u00f3 que lo sucedido es reflejo de las personas que por necesidad, se relacionan con traficantes de personas que los abandonan.<\/strong><\/span><\/p>\n<blockquote>\n<p class=\"p3\"><span style=\"font-size: 14pt;\">Han o\u00eddo que el cuerpo humano puede durar tres d\u00edas sin agua, eso es mentira, con este calor hemos visto que la gente fallece despu\u00e9s de siete horas sin agua especialmente si van caminando porque van sudando y se les acaba el agua m\u00e1s r\u00e1pido\u201d<\/span><\/p>\n<\/blockquote>\n<p class=\"p3\"><span style=\"font-size: 18pt;\"><strong>Por su parte, Gloria Ch\u00e1vez, jefa de la Patrulla Fronteriza en El Paso, asever\u00f3 que, las organizaciones criminales son las responsables en poner en riesgo la vida de los migrantes.<\/strong><\/span><\/p>\n<blockquote>\n<p class=\"p3\"><span style=\"font-size: 14pt;\">Las organizaciones criminales contin\u00faan arriesgando la vida de los migrantes exponi\u00e9ndolos a condiciones peligrosas y abandon\u00e1ndolos de forma despiadada\u201d,\u00a0advirti\u00f3 Ch\u00e1vez.<\/span><\/p>\n<\/blockquote>\n<p class=\"p3\"><span style=\"font-size: 18pt;\"><strong>La patrulla fronteriza inform\u00f3 que el\u00a0C\u00e1rtel del Noreste\u00a0busca reclutar a adolescentes a cambio de 500 d\u00f3lares con el objetivo de que sean los conductores de las\u00a0unidades que transportan migrantes.<\/strong><\/span><\/p>\n<p>&nbsp;<\/p>\n<p><img loading=\"lazy\" decoding=\"async\" class=\"aligncenter wp-image-4633 size-large\" src=\"http:\/\/politicosaldesnudoqroo.com.mx\/wp-content\/uploads\/2022\/06\/P-TEXASMIGRANTES1-1024x573.png\" alt=\"\" width=\"800\" height=\"448\" \/><\/p>\n<p>&nbsp;<\/p>\n<p>&nbsp;<\/p>\n<p class=\"p1\"><strong><span style=\"font-size: 18pt;\">PRESIDENTE AMLO OFRECE AYUDA<\/span><\/strong><\/p>\n<p class=\"p1\"><span style=\"font-size: 18pt;\"><strong>El presidente Andr\u00e9s Manuel L\u00f3pez Obrador lament\u00f3 la muerte de 50 personas migrantes, adem\u00e1s env\u00edo sus condolencias, manifest\u00f3 el apoyo del Gobierno de M\u00e9xico en la investigaci\u00f3n de los hechos y la repatriaci\u00f3n de cuerpos.<\/strong><\/span><\/p>\n<blockquote>\n<p class=\"p1\"><span style=\"font-size: 14pt;\">Quiero expresar mi m\u00e1s profundo p\u00e9same a familiares de migrantes mexicanos, guatemaltecos, hondure\u00f1os que murieron ayer asfixiados en un tr\u00e1iler; una tremenda desgracia. (\u2026) Vamos a estar atentos para apoyar a los familiares de las v\u00edctimas, el traslado de los cuerpos y, desde luego, hacer la investigaci\u00f3n en lo que a nosotros nos corresponde\u201d<\/span><\/p>\n<p class=\"p1\"><span style=\"font-size: 14pt;\">Estos hechos lamentables tienen que ver con la situaci\u00f3n de pobreza, de desesperaci\u00f3n de hermanos centroamericanos, de mexicanos. Suceden porque tambi\u00e9n hay tr\u00e1fico de personas, y falta de controles, en este caso en la frontera de M\u00e9xico y Estados Unidos, y al interior de Estados Unidos\u201d, explic\u00f3.<\/span><\/p>\n<\/blockquote>\n<p class=\"p1\"><span style=\"font-size: 18pt;\"><strong>Andr\u00e9s Manuel L\u00f3pez Obrador sostuvo que la atenci\u00f3n al fen\u00f3meno migratorio es un asunto prioritario en la agenda de la visita a su hom\u00f3logo estadounidense, Joseph Biden, en Washington el pr\u00f3ximo 12 de julio.<\/strong><\/span><\/p>\n<p>&nbsp;<\/p>\n<p>&nbsp;<\/p>\n<p>&nbsp;<\/p>\n","protected":false},"excerpt":{"rendered":"<p>&nbsp; Laredo. El\u00a0C\u00e1rtel del Noroeste\u00a0es uno de los principales responsables del tr\u00e1fico de migrantes en la frontera de\u00a0Estados Unidos con<\/p>\n","protected":false},"author":4,"featured_media":5659,"comment_status":"closed","ping_status":"closed","sticky":false,"template":"","format":"standard","meta":{"colormag_page_container_layout":"default_layout","colormag_page_sidebar_layout":"default_layout","_jetpack_memberships_contains_paid_content":false,"footnotes":"","jetpack_publicize_message":"","jetpack_publicize_feature_enabled":true,"jetpack_social_post_already_shared":false,"jetpack_social_options":{"image_generator_settings":{"template":"highway","default_image_id":0,"font":"","enabled":false},"version":2}},"categories":[355],"tags":[65,986,482,497],"class_list":["post-5657","post","type-post","status-publish","format-standard","has-post-thumbnail","hentry","category-internacional","tag-andres-manuel-lopez-obrador","tag-cartel-de-noroeste","tag-migrantes","tag-texas"],"jetpack_publicize_connections":[],"jetpack_featured_media_url":"https:\/\/noticiasveracruz.com\/wp-content\/uploads\/2022\/06\/P-TEXASMIGRANTES2.png","jetpack_sharing_enabled":true,"publishpress_future_action":{"enabled":false,"date":"2026-05-08 17:48:39","action":"change-status","newStatus":"draft","terms":[],"taxonomy":"category","extraData":[]},"publishpress_future_workflow_manual_trigger":{"enabledWorkflows":[]},"_links":{"self":[{"href":"https:\/\/noticiasveracruz.com\/index.php\/wp-json\/wp\/v2\/posts\/5657","targetHints":{"allow":["GET"]}}],"collection":[{"href":"https:\/\/noticiasveracruz.com\/index.php\/wp-json\/wp\/v2\/posts"}],"about":[{"href":"https:\/\/noticiasveracruz.com\/index.php\/wp-json\/wp\/v2\/types\/post"}],"author":[{"embeddable":true,"href":"https:\/\/noticiasveracruz.com\/index.php\/wp-json\/wp\/v2\/users\/4"}],"replies":[{"embeddable":true,"href":"https:\/\/noticiasveracruz.com\/index.php\/wp-json\/wp\/v2\/comments?post=5657"}],"version-history":[{"count":0,"href":"https:\/\/noticiasveracruz.com\/index.php\/wp-json\/wp\/v2\/posts\/5657\/revisions"}],"wp:featuredmedia":[{"embeddable":true,"href":"https:\/\/noticiasveracruz.com\/index.php\/wp-json\/wp\/v2\/media\/5659"}],"wp:attachment":[{"href":"https:\/\/noticiasveracruz.com\/index.php\/wp-json\/wp\/v2\/media?parent=5657"}],"wp:term":[{"taxonomy":"category","embeddable":true,"href":"https:\/\/noticiasveracruz.com\/index.php\/wp-json\/wp\/v2\/categories?post=5657"},{"taxonomy":"post_tag","embeddable":true,"href":"https:\/\/noticiasveracruz.com\/index.php\/wp-json\/wp\/v2\/tags?post=5657"}],"curies":[{"name":"wp","href":"https:\/\/api.w.org\/{rel}","templated":true}]}}