{"id":5652,"date":"2022-06-28T20:22:08","date_gmt":"2022-06-29T01:22:08","guid":{"rendered":"https:\/\/noticiasveracruz.com\/?p=5652"},"modified":"2022-06-28T20:22:08","modified_gmt":"2022-06-29T01:22:08","slug":"marina-y-defensa-nacional-encargados-de-rehabilitar-fuertes-de-veracruz","status":"publish","type":"post","link":"https:\/\/noticiasveracruz.com\/index.php\/2022\/06\/28\/marina-y-defensa-nacional-encargados-de-rehabilitar-fuertes-de-veracruz\/","title":{"rendered":"Marina y Defensa Nacional encargados de rehabilitar Fuertes de Veracruz"},"content":{"rendered":"<p>&nbsp;<\/p>\n<p class=\"p1\"><span style=\"font-size: 14pt;\"><em><strong>Ciudad de M\u00e9xico.<\/strong> <\/em>El presidente Andr\u00e9s Manuel L\u00f3pez Obrador anunci\u00f3 que los<strong> trabajos de rehabilitaci\u00f3n del Fuerte de San Juan de Ul\u00faa<\/strong> estar\u00e1n a cargo de la <strong>Secretar\u00eda de Marina<\/strong>, mientras que el <strong>Fuerte de Perote<\/strong> han sido asignados a la <strong>Secretar\u00eda de la Defensa Nacional.<\/strong><\/span><\/p>\n<p class=\"p1\"><span style=\"font-size: 18pt;\"><strong>En d\u00edas pasado se reunieron el gobernador de Veracruz, Cuitlahuac Garc\u00eda, el almirante Jos\u00e9 Rafael Ojeda Dur\u00e1n, Diego Prieto titular del Instituto Nacional de Antropolog\u00eda e Historia (INAH) y especialistas que se encargaran de definir detalles para recuperar la memoria<span class=\"Apple-converted-space\">\u00a0 <\/span>hist\u00f3rica de los fuertes en Veracruz. <\/strong><\/span><\/p>\n<p>&nbsp;<\/p>\n<figure id=\"attachment_7065\" aria-describedby=\"caption-attachment-7065\" style=\"width: 800px\" class=\"wp-caption aligncenter\"><img loading=\"lazy\" decoding=\"async\" class=\"wp-image-7065 size-large\" src=\"https:\/\/politicosaldesnudo.com.mx\/wp-content\/uploads\/2022\/06\/P-FUERTES-VERACRUZ2-1024x573.png\" alt=\"\" width=\"800\" height=\"448\" \/><figcaption id=\"caption-attachment-7065\" class=\"wp-caption-text\">Fuerte de Perote.<\/figcaption><\/figure>\n<p>&nbsp;<\/p>\n<p class=\"p1\"><span style=\"font-size: 18pt;\"><strong>Dijo que\u00a0en el caso del fuerte de San Juan de Ul\u00faa, este deber\u00e1 estar terminado en el mes de diciembre\u00a0y entre los detalles que deber\u00e1 atender la Semar se encuentra asegurar una embarcaci\u00f3n que lleve a los turistas desde el malec\u00f3n o el faro hasta el lugar.<\/strong><\/span><\/p>\n<p class=\"p1\"><span style=\"font-size: 18pt;\"><strong>Al hablar sobre las obras de rehabilitaci\u00f3n y recuperaci\u00f3n de espacios hist\u00f3ricos, Andr\u00e9s Manuel L\u00f3pez Obrado inform\u00f3 que en el caso del Complejo Cultural Islas Mar\u00edas ya se firmaron los contratos para la adquisici\u00f3n de los ferris.<\/strong><\/span><\/p>\n<p class=\"p1\"><span style=\"font-size: 14pt;\">Al mismo tiempo preciso que ser\u00eda en tres meses a m\u00e1s tardar, este lugar ser\u00e1 abierto al turismo\u00a0que podr\u00e1 pernoctar en el lugar un m\u00e1ximo de hasta tres noches.<\/span><\/p>\n<p>&nbsp;<\/p>\n<p>&nbsp;<\/p>\n","protected":false},"excerpt":{"rendered":"<p>&nbsp; Ciudad de M\u00e9xico. El presidente Andr\u00e9s Manuel L\u00f3pez Obrador anunci\u00f3 que los trabajos de rehabilitaci\u00f3n del Fuerte de San<\/p>\n","protected":false},"author":4,"featured_media":5653,"comment_status":"closed","ping_status":"closed","sticky":false,"template":"","format":"standard","meta":{"colormag_page_container_layout":"default_layout","colormag_page_sidebar_layout":"default_layout","_jetpack_memberships_contains_paid_content":false,"footnotes":"","jetpack_publicize_message":"","jetpack_publicize_feature_enabled":true,"jetpack_social_post_already_shared":false,"jetpack_social_options":{"image_generator_settings":{"template":"highway","default_image_id":0,"font":"","enabled":false},"version":2}},"categories":[356],"tags":[65,98,984,985,73],"class_list":["post-5652","post","type-post","status-publish","format-standard","has-post-thumbnail","hentry","category-veracruz","tag-andres-manuel-lopez-obrador","tag-cuitlahuac-garcia","tag-fuerte-de-perote","tag-san-juan-de-ulua","tag-veracruz"],"jetpack_publicize_connections":[],"jetpack_featured_media_url":"https:\/\/noticiasveracruz.com\/wp-content\/uploads\/2022\/06\/P-FUERTES-VERACRUZ1.png","jetpack_sharing_enabled":true,"publishpress_future_action":{"enabled":false,"date":"2026-05-08 16:56:47","action":"change-status","newStatus":"draft","terms":[],"taxonomy":"category","extraData":[]},"publishpress_future_workflow_manual_trigger":{"enabledWorkflows":[]},"_links":{"self":[{"href":"https:\/\/noticiasveracruz.com\/index.php\/wp-json\/wp\/v2\/posts\/5652","targetHints":{"allow":["GET"]}}],"collection":[{"href":"https:\/\/noticiasveracruz.com\/index.php\/wp-json\/wp\/v2\/posts"}],"about":[{"href":"https:\/\/noticiasveracruz.com\/index.php\/wp-json\/wp\/v2\/types\/post"}],"author":[{"embeddable":true,"href":"https:\/\/noticiasveracruz.com\/index.php\/wp-json\/wp\/v2\/users\/4"}],"replies":[{"embeddable":true,"href":"https:\/\/noticiasveracruz.com\/index.php\/wp-json\/wp\/v2\/comments?post=5652"}],"version-history":[{"count":0,"href":"https:\/\/noticiasveracruz.com\/index.php\/wp-json\/wp\/v2\/posts\/5652\/revisions"}],"wp:featuredmedia":[{"embeddable":true,"href":"https:\/\/noticiasveracruz.com\/index.php\/wp-json\/wp\/v2\/media\/5653"}],"wp:attachment":[{"href":"https:\/\/noticiasveracruz.com\/index.php\/wp-json\/wp\/v2\/media?parent=5652"}],"wp:term":[{"taxonomy":"category","embeddable":true,"href":"https:\/\/noticiasveracruz.com\/index.php\/wp-json\/wp\/v2\/categories?post=5652"},{"taxonomy":"post_tag","embeddable":true,"href":"https:\/\/noticiasveracruz.com\/index.php\/wp-json\/wp\/v2\/tags?post=5652"}],"curies":[{"name":"wp","href":"https:\/\/api.w.org\/{rel}","templated":true}]}}