{"id":5648,"date":"2022-06-28T16:55:16","date_gmt":"2022-06-28T21:55:16","guid":{"rendered":"https:\/\/noticiasveracruz.com\/?p=5648"},"modified":"2022-06-28T20:23:39","modified_gmt":"2022-06-29T01:23:39","slug":"marko-invita-a-mc-a-va-por-mexico-dante-rechaza-invitacion-al-titanic","status":"publish","type":"post","link":"https:\/\/noticiasveracruz.com\/index.php\/2022\/06\/28\/marko-invita-a-mc-a-va-por-mexico-dante-rechaza-invitacion-al-titanic\/","title":{"rendered":"Marko invita a MC a \u201cVa por M\u00e9xico\u201d, Dante rechaza invitaci\u00f3n al Titanic"},"content":{"rendered":"<p class=\"p1\"><span style=\"font-size: 14pt;\"><em><strong>Ciudad de M\u00e9xico.<\/strong><\/em> <strong>Marko Cort\u00e9s<\/strong>, presidente nacional del PAN, <strong>hizo un llamado a Movimiento Ciudadano para que se unan a \u201cVa por M\u00e9xico\u201d<\/strong>, al considerar que es de suma importancia que el partido naranja se una para derrotar a Morena en 2024.<\/span><\/p>\n<p class=\"p1\"><span style=\"font-size: 14pt;\">La coalici\u00f3n \u201cVa por M\u00e9xico\u201d es la alianza entre el Partido Acci\u00f3n Nacional (PAN), Partido Revolucionario Institucional (PRI) y Partido de la Revoluci\u00f3n Democr\u00e1tica (PRD), la que a pesar de las fallidas elecciones volvieron a firmar el 9 de junio su uni\u00f3n pol\u00edtica. <\/span><\/p>\n<p class=\"p1\"><span style=\"font-size: 18pt;\"><strong>Para el<span class=\"Apple-converted-space\">\u00a0 <\/span>dirigente panista Marko Cort\u00e9s lleg\u00f3 el momento de la \u201cdefinici\u00f3n\u201d.<\/strong><\/span><\/p>\n<blockquote>\n<p class=\"p1\"><span style=\"font-size: 14pt;\">Todos los mexicanos son bienvenidos a Acci\u00f3n Nacional y, por lo tanto, a la coalici\u00f3n opositora &#8216;Va por M\u00e9xico&#8217;; todos los mexicanos son necesarios. Es un momento de definici\u00f3n, \u00bfde qu\u00e9 lado de la historia quieres estar? \u00bfquieres estar del lado de la historia que divide a la oposici\u00f3n o quieres estar del lado de la historia que construye junto con la oposici\u00f3n una alternativa de pa\u00eds?, y eso es lo que ellos deben de resolver\u201d<\/span><\/p>\n<\/blockquote>\n<p class=\"p1\"><span style=\"font-size: 18pt;\"><strong>De momento Marko Cort\u00e9s dijo que\u00a0una vez que la alianza opositora logre frenar a Morena, los partidos podr\u00e1n disolver la coalici\u00f3n\u00a0y volver a competir como lo hac\u00edan previo a la llegada de la 4T.<\/strong><\/span><\/p>\n<p class=\"p1\"><span style=\"font-size: 14pt;\">Cuando no est\u00e9 en amenaza la democracia en M\u00e9xico, nuevamente podemos volver a competir como en anta\u00f1o, pero ahora tenemos que sumar los diferentes para cuidar a M\u00e9xico\u201d<\/span><\/p>\n<p>&nbsp;<\/p>\n<p><img loading=\"lazy\" decoding=\"async\" class=\"aligncenter wp-image-7059 size-large\" src=\"https:\/\/politicosaldesnudo.com.mx\/wp-content\/uploads\/2022\/06\/P-VAPORME\u0301XICO1-1024x573.png\" alt=\"\" width=\"800\" height=\"448\" \/><\/p>\n<p>&nbsp;<\/p>\n<p>&nbsp;<\/p>\n<p class=\"p1\"><span style=\"font-size: 18pt;\"><strong>DANTE Y EL TITANIC<\/strong><\/span><\/p>\n<p class=\"p1\"><span style=\"font-size: 18pt;\"><strong>Por su parte, el dirigente nacional de Movimiento Ciudadano, Dante Delgado Rannauro, rechaz\u00f3 sumarse a la alianza \u201cVa por M\u00e9xico\u201d para las elecciones presidenciales de 2024.\u00a0 Pidi\u00f3 que ya no lo inviten subirse al Titanic.<\/strong><\/span><\/p>\n<blockquote>\n<p class=\"p1\"><span style=\"font-size: 14pt;\">Lo tenemos que decir con todas sus palabras, frente a quienes imploran que Movimiento Ciudadano se sume a un proyecto fracasado, nosotros desde Guadalajara advertimos que no vamos a dar un paso frente a la tragedia que han construido de un barco que va a pique, que no inviten a Movimiento Ciudadano a subirse al Titanic, eso no lo vamos a permitir\u201d, dijo.<\/span><\/p>\n<\/blockquote>\n<p class=\"p1\"><span style=\"font-size: 18pt;\"><strong>Seg\u00fan el exgobernador de Veracruz la alianza del PRI, PAN y de PRD es una \u201cverdadera tragedia electoral\u201d.<\/strong><\/span><\/p>\n<p class=\"p1\"><span style=\"font-size: 14pt;\">Con todo, dijo Dante Delgado Rannauro Movimiento Ciudadano es y ser\u00e1 con las y los ciudadanos de todos los sectores y de todas las regiones de M\u00e9xico en la construcci\u00f3n de un proyecto socialdem\u00f3crata que d\u00e9 soluci\u00f3n a los graves problemas de seguridad, econom\u00eda y salud que enfrenta el pa\u00eds\u201d.<\/span><\/p>\n<p class=\"p1\"><span style=\"font-size: 18pt;\"><strong>Esta es la segunda vez consecutiva que rechaza la propuesta de sumarse a la alianza \u201cVa por M\u00e9xico\u201d<\/strong><\/span><\/p>\n<p class=\"p1\"><span style=\"font-size: 14pt;\">El 12 de junio, inform\u00f3 que su partido competir\u00e1 solo en 2024, puesto que aceptar la coalici\u00f3n con \u201cVa por M\u00e9xico\u201d ser\u00eda \u201cir al precipicio\u201d.<\/span><\/p>\n<p class=\"p1\"><span style=\"font-size: 18pt;\"><strong>Entonces sostuvo a la alianza opositora no ser congruente con ella misma, luego de haber competido por separado en las recientes elecciones de Quintana Roo, lo que dijo, significa que ni ellos mismos est\u00e1n convencidos de ir juntos.<\/strong><\/span><\/p>\n<p>&nbsp;<\/p>\n<p>&nbsp;<\/p>\n<p>&nbsp;<\/p>\n<p>&nbsp;<\/p>\n<p>&nbsp;<\/p>\n","protected":false},"excerpt":{"rendered":"<p>Ciudad de M\u00e9xico. Marko Cort\u00e9s, presidente nacional del PAN, hizo un llamado a Movimiento Ciudadano para que se unan a<\/p>\n","protected":false},"author":4,"featured_media":5649,"comment_status":"closed","ping_status":"closed","sticky":false,"template":"","format":"standard","meta":{"colormag_page_container_layout":"default_layout","colormag_page_sidebar_layout":"default_layout","_jetpack_memberships_contains_paid_content":false,"footnotes":"","jetpack_publicize_message":"","jetpack_publicize_feature_enabled":true,"jetpack_social_post_already_shared":false,"jetpack_social_options":{"image_generator_settings":{"template":"highway","default_image_id":0,"font":"","enabled":false},"version":2}},"categories":[4],"tags":[95,873,281,74,213],"class_list":["post-5648","post","type-post","status-publish","format-standard","has-post-thumbnail","hentry","category-nacional","tag-dante-delgado","tag-marko-cortes","tag-movimiento-ciudadano","tag-pan","tag-va-por-mexico"],"jetpack_publicize_connections":[],"jetpack_featured_media_url":"https:\/\/noticiasveracruz.com\/wp-content\/uploads\/2022\/06\/P-P-VAPORME\u0301XICO2.png","jetpack_sharing_enabled":true,"publishpress_future_action":{"enabled":false,"date":"2026-05-09 06:51:53","action":"change-status","newStatus":"draft","terms":[],"taxonomy":"category","extraData":[]},"publishpress_future_workflow_manual_trigger":{"enabledWorkflows":[]},"_links":{"self":[{"href":"https:\/\/noticiasveracruz.com\/index.php\/wp-json\/wp\/v2\/posts\/5648","targetHints":{"allow":["GET"]}}],"collection":[{"href":"https:\/\/noticiasveracruz.com\/index.php\/wp-json\/wp\/v2\/posts"}],"about":[{"href":"https:\/\/noticiasveracruz.com\/index.php\/wp-json\/wp\/v2\/types\/post"}],"author":[{"embeddable":true,"href":"https:\/\/noticiasveracruz.com\/index.php\/wp-json\/wp\/v2\/users\/4"}],"replies":[{"embeddable":true,"href":"https:\/\/noticiasveracruz.com\/index.php\/wp-json\/wp\/v2\/comments?post=5648"}],"version-history":[{"count":0,"href":"https:\/\/noticiasveracruz.com\/index.php\/wp-json\/wp\/v2\/posts\/5648\/revisions"}],"wp:featuredmedia":[{"embeddable":true,"href":"https:\/\/noticiasveracruz.com\/index.php\/wp-json\/wp\/v2\/media\/5649"}],"wp:attachment":[{"href":"https:\/\/noticiasveracruz.com\/index.php\/wp-json\/wp\/v2\/media?parent=5648"}],"wp:term":[{"taxonomy":"category","embeddable":true,"href":"https:\/\/noticiasveracruz.com\/index.php\/wp-json\/wp\/v2\/categories?post=5648"},{"taxonomy":"post_tag","embeddable":true,"href":"https:\/\/noticiasveracruz.com\/index.php\/wp-json\/wp\/v2\/tags?post=5648"}],"curies":[{"name":"wp","href":"https:\/\/api.w.org\/{rel}","templated":true}]}}