{"id":55939,"date":"2025-05-05T00:13:01","date_gmt":"2025-05-05T06:13:01","guid":{"rendered":"https:\/\/noticiasveracruz.com\/?p=55939"},"modified":"2025-05-05T00:13:01","modified_gmt":"2025-05-05T06:13:01","slug":"habemus-papam","status":"publish","type":"post","link":"https:\/\/noticiasveracruz.com\/index.php\/2025\/05\/05\/habemus-papam\/","title":{"rendered":"Habemus Papam"},"content":{"rendered":"<p>En unos cuantos d\u00edas se estar\u00e1 acabando el misterio que representa la designaci\u00f3n del nuevo Papa, el sucesor de Francisco.<\/p>\n<p>Un mundo convulsionado ser\u00e1 el que recibir\u00e1 la designaci\u00f3n del nuevo pont\u00edfice, quien tendr\u00e1 el reto de cubrir el espacio dejado por el Papa Jorge Mario Bergoglio y dar inicio para la nueva era que \u00e9l mismo tendr\u00e1 que construir.<\/p>\n<p>Sin embargo, este nuevo pont\u00edfice toma un liderazgo en una \u00e9poca dif\u00edcil, en un mundo en crisis de valores morales donde la Iglesia Cat\u00f3lica ha ido disminuyendo su presencia frente a las nuevas generaciones, alejadas de Dios y sumidas en un mundo materialista y consumista.<\/p>\n<p>La crisis de vocaciones sacerdotales es evidente, pues los seminarios, -ese lugar donde se forman los nuevos pastores de la Iglesia-, cada vez recibe menos candidatos.<\/p>\n<p>Quiz\u00e1 no se ha perdido la religiosidad totalmente entre las nuevas generaciones, -que siguen creyendo en la existencia de un Dios omnipresente-, pero han dejado de buscarlo en la liturgia de una religi\u00f3n que no ha evolucionado su lenguaje, y su narrativa quiz\u00e1 luce inentendible para la gente de hoy.<\/p>\n<p>Simplemente el vocabulario utilizado hace referencia a s\u00edmbolos de un mundo rural, como el que exist\u00eda hace 2000 a\u00f1os, con palabras que hoy lucen desconocidas y por tanto carentes de significado.<\/p>\n<p>Est\u00e1 faltando adecuar los mensajes a la nueva ling\u00fc\u00edstica, de tipo urbano.<\/p>\n<p>Antes hace tan s\u00f3lo cien a\u00f1os, la mayor\u00eda de la poblaci\u00f3n radicaba en \u201c\u00e1mbitos rurales\u201d, y hoy es una minor\u00eda la que est\u00e1 en el campo, pues las ciudades han ofrecido oportunidades laborales y generado una importante migraci\u00f3n.<\/p>\n<p>Palabras como \u201ccayado\u201d, \u201cb\u00e1culo\u201d, \u201cverbo\u201d y otras m\u00e1s que representan conceptos en desuso, dificultan comprender un mensaje que lleva dos mil a\u00f1os replic\u00e1ndose.<\/p>\n<p>Es un hecho que el castellano, -tan rico en significados-, y tan preciso en las connotaciones, ha ido disminuyendo su l\u00e9xico, reduci\u00e9ndose a unas cuantas palabras que cada vez adquieren m\u00e1s significados, lo cual disminuye su precisi\u00f3n, como sucede con el idioma ingl\u00e9s, totalmente funcional.<\/p>\n<p>Si en el centro de la narrativa est\u00e1n los significados del mensaje, -y \u00e9ste carece de significados-, entonces pierde su potencial persuasivo y deja de conectar emocionalmente.<\/p>\n<p>En los a\u00f1os setenta, -hace m\u00e1s de cincuenta a\u00f1os-, en las universidades y m\u00e1s a\u00fan en las escuelas de comunicaci\u00f3n, se hablaba de un estudio realizado por la UNAM para conocer el n\u00famero de palabras utilizadas en esa \u00e9poca por el mexicano promedio y se concluy\u00f3 que en nuestro pa\u00eds hace poco m\u00e1s de 50 a\u00f1os nos comunic\u00e1bamos tan s\u00f3lo con 350 palabras. Imaginemos cuantas palabras componen el l\u00e9xico de hoy.<\/p>\n<p>Si hoy la narrativa es fundamental, se vuelve necesario rescatar la capacidad de compartir este mensaje de un modo entendible, -primeramente-, y persuasivo.<\/p>\n<p>Este es simplemente un reto funcional para que la Iglesia Cat\u00f3lica contin\u00fae con su labor evangelizadora, pero hay otros m\u00e1s de tipo sociol\u00f3gico y antropol\u00f3gico.<\/p>\n<p>Los retos para el pr\u00f3ximo Papa son grandes. Encontrar como incidir en un mundo \u00a0regido por la tecnolog\u00eda, violento y con tendencia a la frivolidad.<\/p>\n<p>Sin embargo, debemos esperar al momento en que desde la chimenea vaticana de la Capilla Sixtina salga el humo blanco que significa \u201chabemus papam\u201d y descubramos su identidad.<\/p>\n<p>\u00bfA usted qu\u00e9 le parece?<\/p>\n<p><img loading=\"lazy\" decoding=\"async\" class=\"alignnone wp-image-55927 size-full\" src=\"http:\/\/noticiasveracruz.com\/wp-content\/uploads\/2025\/05\/FIRMA-EDITORIAL-PD-2.jpg\" alt=\"\" width=\"1024\" height=\"125\" srcset=\"https:\/\/noticiasveracruz.com\/wp-content\/uploads\/2025\/05\/FIRMA-EDITORIAL-PD-2.jpg 1024w, https:\/\/noticiasveracruz.com\/wp-content\/uploads\/2025\/05\/FIRMA-EDITORIAL-PD-2-300x37.jpg 300w, https:\/\/noticiasveracruz.com\/wp-content\/uploads\/2025\/05\/FIRMA-EDITORIAL-PD-2-768x94.jpg 768w\" sizes=\"auto, (max-width: 1024px) 100vw, 1024px\" \/><\/p>\n","protected":false},"excerpt":{"rendered":"<p>En unos cuantos d\u00edas se estar\u00e1 acabando el misterio que representa la designaci\u00f3n del nuevo Papa, el sucesor de Francisco. Un mundo convulsionado ser\u00e1 el que recibir\u00e1 la designaci\u00f3n del nuevo pont\u00edfice, quien tendr\u00e1 el reto de cubrir el espacio dejado por el Papa Jorge Mario Bergoglio y dar inicio para la nueva era que [&hellip;]<\/p>\n","protected":false},"author":4,"featured_media":44976,"comment_status":"closed","ping_status":"closed","sticky":false,"template":"","format":"standard","meta":{"_jetpack_newsletter_access":"","_jetpack_dont_email_post_to_subs":false,"_jetpack_newsletter_tier_id":0,"_jetpack_memberships_contains_paywalled_content":false,"_jetpack_feature_clip_id":0,"_jetpack_memberships_contains_paid_content":false,"footnotes":"","jetpack_publicize_message":"","jetpack_publicize_feature_enabled":true,"jetpack_social_post_already_shared":true,"jetpack_social_options":{"image_generator_settings":{"template":"highway","default_image_id":0,"font":"","enabled":false},"version":2},"jetpack_post_was_ever_published":false},"categories":[6],"tags":[],"class_list":["post-55939","post","type-post","status-publish","format-standard","has-post-thumbnail","hentry","category-columnistas"],"jetpack_publicize_connections":[],"jetpack_sharing_enabled":true,"publishpress_future_action":{"enabled":false,"date":"2026-09-08 19:42:15","action":"change-status","newStatus":"draft","terms":[],"taxonomy":"category","extraData":[]},"publishpress_future_workflow_manual_trigger":{"enabledWorkflows":[]},"jetpack_featured_media_url":"https:\/\/noticiasveracruz.com\/wp-content\/uploads\/2024\/11\/NV-RICARDO-HOMS.jpg","_links":{"self":[{"href":"https:\/\/noticiasveracruz.com\/index.php\/wp-json\/wp\/v2\/posts\/55939","targetHints":{"allow":["GET"]}}],"collection":[{"href":"https:\/\/noticiasveracruz.com\/index.php\/wp-json\/wp\/v2\/posts"}],"about":[{"href":"https:\/\/noticiasveracruz.com\/index.php\/wp-json\/wp\/v2\/types\/post"}],"author":[{"embeddable":true,"href":"https:\/\/noticiasveracruz.com\/index.php\/wp-json\/wp\/v2\/users\/4"}],"replies":[{"embeddable":true,"href":"https:\/\/noticiasveracruz.com\/index.php\/wp-json\/wp\/v2\/comments?post=55939"}],"version-history":[{"count":0,"href":"https:\/\/noticiasveracruz.com\/index.php\/wp-json\/wp\/v2\/posts\/55939\/revisions"}],"wp:featuredmedia":[{"embeddable":true,"href":"https:\/\/noticiasveracruz.com\/index.php\/wp-json\/wp\/v2\/media\/44976"}],"wp:attachment":[{"href":"https:\/\/noticiasveracruz.com\/index.php\/wp-json\/wp\/v2\/media?parent=55939"}],"wp:term":[{"taxonomy":"category","embeddable":true,"href":"https:\/\/noticiasveracruz.com\/index.php\/wp-json\/wp\/v2\/categories?post=55939"},{"taxonomy":"post_tag","embeddable":true,"href":"https:\/\/noticiasveracruz.com\/index.php\/wp-json\/wp\/v2\/tags?post=55939"}],"curies":[{"name":"wp","href":"https:\/\/api.w.org\/{rel}","templated":true}]}}