{"id":55875,"date":"2025-05-05T00:04:26","date_gmt":"2025-05-05T06:04:26","guid":{"rendered":"https:\/\/noticiasveracruz.com\/?p=55875"},"modified":"2025-05-04T22:39:06","modified_gmt":"2025-05-05T04:39:06","slug":"fugas-y-estiaje-afectan-abastecimiento-de-agua","status":"publish","type":"post","link":"https:\/\/noticiasveracruz.com\/index.php\/2025\/05\/05\/fugas-y-estiaje-afectan-abastecimiento-de-agua\/","title":{"rendered":"Fugas y estiaje afectan abastecimiento de agua"},"content":{"rendered":"<p>Este fin de semana m\u00e1s de una decena de colonias <span id=\"_GoBack\"><\/span>de Coatzacoalcos reportaron falta de agua potable consecuencia de una fuga en la l\u00ednea de 18 pulgadas.<\/p>\n<p>La Comisi\u00f3n Municipal de Agua y Saneamiento (CMAS) atendi\u00f3 la ruptura en la tuber\u00eda, por lo que paulatinamente se fue reestableciendo el servicio.<\/p>\n<p>Las fugas, alto consumo por calor y falta de lluvia por estiaje comenz\u00f3 a provocar que el recurso siga llegando de manera peri\u00f3dica a algunos sectores de Coatzacoalcos.<\/p>\n<p>\u201cDe hecho de las primeras zonas que se quedan sin agua, ya nos empezaban a reportar los vecinos de la Emiliano Zapata que est\u00e1n por el Hern\u00e1ndez Ochoa en avenida Universidad y Rom\u00e1n Mar\u00edn, son de las zonas m\u00e1s altas y las que padecen y evidentemente los altos consumos por el calor nos est\u00e1 provocando estas bajas de presi\u00f3n\u201d, indic\u00f3 Hildeliza D\u00edaz Calafell directora de CMAS.<\/p>\n<p>Para el organismo operador, dicha situaci\u00f3n es similar al 2024, mayo, junio y julio son de los meses donde m\u00e1s se recrudece la falta de agua potable.<\/p>\n","protected":false},"excerpt":{"rendered":"<p>Este fin de semana m\u00e1s de una decena de colonias de Coatzacoalcos reportaron falta de agua potable consecuencia de una fuga en la l\u00ednea de 18 pulgadas. La Comisi\u00f3n Municipal de Agua y Saneamiento (CMAS) atendi\u00f3 la ruptura en la tuber\u00eda, por lo que paulatinamente se fue reestableciendo el servicio. Las fugas, alto consumo por [&hellip;]<\/p>\n","protected":false},"author":4,"featured_media":55876,"comment_status":"closed","ping_status":"closed","sticky":false,"template":"","format":"standard","meta":{"_jetpack_newsletter_access":"","_jetpack_dont_email_post_to_subs":false,"_jetpack_newsletter_tier_id":0,"_jetpack_memberships_contains_paywalled_content":false,"_jetpack_feature_clip_id":0,"_jetpack_memberships_contains_paid_content":false,"footnotes":"","jetpack_publicize_message":"","jetpack_publicize_feature_enabled":true,"jetpack_social_post_already_shared":true,"jetpack_social_options":{"image_generator_settings":{"template":"highway","default_image_id":0,"font":"","enabled":false},"version":2},"jetpack_post_was_ever_published":false},"categories":[356],"tags":[],"class_list":["post-55875","post","type-post","status-publish","format-standard","has-post-thumbnail","hentry","category-veracruz"],"jetpack_publicize_connections":[],"jetpack_sharing_enabled":true,"publishpress_future_action":{"enabled":false,"date":"2026-09-08 18:43:31","action":"change-status","newStatus":"draft","terms":[],"taxonomy":"category","extraData":[]},"publishpress_future_workflow_manual_trigger":{"enabledWorkflows":[]},"jetpack_featured_media_url":"https:\/\/noticiasveracruz.com\/wp-content\/uploads\/2025\/05\/8b.jpg","_links":{"self":[{"href":"https:\/\/noticiasveracruz.com\/index.php\/wp-json\/wp\/v2\/posts\/55875","targetHints":{"allow":["GET"]}}],"collection":[{"href":"https:\/\/noticiasveracruz.com\/index.php\/wp-json\/wp\/v2\/posts"}],"about":[{"href":"https:\/\/noticiasveracruz.com\/index.php\/wp-json\/wp\/v2\/types\/post"}],"author":[{"embeddable":true,"href":"https:\/\/noticiasveracruz.com\/index.php\/wp-json\/wp\/v2\/users\/4"}],"replies":[{"embeddable":true,"href":"https:\/\/noticiasveracruz.com\/index.php\/wp-json\/wp\/v2\/comments?post=55875"}],"version-history":[{"count":0,"href":"https:\/\/noticiasveracruz.com\/index.php\/wp-json\/wp\/v2\/posts\/55875\/revisions"}],"wp:featuredmedia":[{"embeddable":true,"href":"https:\/\/noticiasveracruz.com\/index.php\/wp-json\/wp\/v2\/media\/55876"}],"wp:attachment":[{"href":"https:\/\/noticiasveracruz.com\/index.php\/wp-json\/wp\/v2\/media?parent=55875"}],"wp:term":[{"taxonomy":"category","embeddable":true,"href":"https:\/\/noticiasveracruz.com\/index.php\/wp-json\/wp\/v2\/categories?post=55875"},{"taxonomy":"post_tag","embeddable":true,"href":"https:\/\/noticiasveracruz.com\/index.php\/wp-json\/wp\/v2\/tags?post=55875"}],"curies":[{"name":"wp","href":"https:\/\/api.w.org\/{rel}","templated":true}]}}