{"id":55866,"date":"2025-05-05T00:01:55","date_gmt":"2025-05-05T06:01:55","guid":{"rendered":"https:\/\/noticiasveracruz.com\/?p=55866"},"modified":"2025-05-04T22:36:02","modified_gmt":"2025-05-05T04:36:02","slug":"ofertan-bachillerato-en-linea-sin-limite-de-edad","status":"publish","type":"post","link":"https:\/\/noticiasveracruz.com\/index.php\/2025\/05\/05\/ofertan-bachillerato-en-linea-sin-limite-de-edad\/","title":{"rendered":"Ofertan bachillerato en l\u00ednea, sin l\u00edmite de edad"},"content":{"rendered":"<p>El Gobierno del Estado convoca a la poblaci\u00f3n interesada en realizar sus estudios del nivel Medio Superior en modalidad virtual, a inscribirse en el Bachillerato en L\u00ednea de Veracruz (BELVER).<\/p>\n<p>El periodo de inscripci\u00f3n es del 13 al 30 del presente mes; quienes lo realicen pasar\u00e1n por un proceso de inducci\u00f3n con fecha del 05 al 11 de junio. Los m\u00f3dulos iniciar\u00e1n del 16 de junio al 16 de julio.<\/p>\n<p>Las y los interesados pueden registrarse en las plataformas www.clavijero.edu.mx y www.sev.gob.mx\/media-superior\/belver o recibir informaci\u00f3n a trav\u00e9s del WhatsApp en el n\u00famero 2281 56 06 35.<\/p>\n<p>Est\u00e1 dirigido a egresadas y egresados de secundaria, a personas que deseen regularizar sus estudios de bachillerato, as\u00ed como a trabajadoras y trabajadores que buscan mejorar sus oportunidades laborales.<\/p>\n<p>Esta opci\u00f3n ofrece inscripciones abiertas todo el a\u00f1o siguiendo un proceso calendarizado y sin necesidad de presentar ex\u00e1menes; todos los contenidos se imparten en l\u00ednea, con horarios flexibles, posibilidad de regularizar asignaturas y acompa\u00f1amiento docente.<\/p>\n<p>No hay l\u00edmite de edad para cursarlo, puede realizarse desde cualquier parte del mundo y, al concluir los 16 m\u00f3dulos, se otorga un certificado oficial de bachillerato.<\/p>\n","protected":false},"excerpt":{"rendered":"<p>El Gobierno del Estado convoca a la poblaci\u00f3n interesada en realizar sus estudios del nivel Medio Superior en modalidad virtual,<\/p>\n","protected":false},"author":4,"featured_media":55867,"comment_status":"closed","ping_status":"closed","sticky":false,"template":"","format":"standard","meta":{"colormag_page_container_layout":"default_layout","colormag_page_sidebar_layout":"default_layout","_jetpack_memberships_contains_paid_content":false,"footnotes":"","jetpack_publicize_message":"","jetpack_publicize_feature_enabled":true,"jetpack_social_post_already_shared":true,"jetpack_social_options":{"image_generator_settings":{"template":"highway","default_image_id":0,"font":"","enabled":false},"version":2}},"categories":[356],"tags":[],"class_list":["post-55866","post","type-post","status-publish","format-standard","has-post-thumbnail","hentry","category-veracruz"],"jetpack_publicize_connections":[],"jetpack_featured_media_url":"https:\/\/noticiasveracruz.com\/wp-content\/uploads\/2025\/05\/9b-1.jpg","jetpack_sharing_enabled":true,"publishpress_future_action":{"enabled":false,"date":"2026-05-05 22:52:33","action":"change-status","newStatus":"draft","terms":[],"taxonomy":"category","extraData":[]},"publishpress_future_workflow_manual_trigger":{"enabledWorkflows":[]},"_links":{"self":[{"href":"https:\/\/noticiasveracruz.com\/index.php\/wp-json\/wp\/v2\/posts\/55866","targetHints":{"allow":["GET"]}}],"collection":[{"href":"https:\/\/noticiasveracruz.com\/index.php\/wp-json\/wp\/v2\/posts"}],"about":[{"href":"https:\/\/noticiasveracruz.com\/index.php\/wp-json\/wp\/v2\/types\/post"}],"author":[{"embeddable":true,"href":"https:\/\/noticiasveracruz.com\/index.php\/wp-json\/wp\/v2\/users\/4"}],"replies":[{"embeddable":true,"href":"https:\/\/noticiasveracruz.com\/index.php\/wp-json\/wp\/v2\/comments?post=55866"}],"version-history":[{"count":0,"href":"https:\/\/noticiasveracruz.com\/index.php\/wp-json\/wp\/v2\/posts\/55866\/revisions"}],"wp:featuredmedia":[{"embeddable":true,"href":"https:\/\/noticiasveracruz.com\/index.php\/wp-json\/wp\/v2\/media\/55867"}],"wp:attachment":[{"href":"https:\/\/noticiasveracruz.com\/index.php\/wp-json\/wp\/v2\/media?parent=55866"}],"wp:term":[{"taxonomy":"category","embeddable":true,"href":"https:\/\/noticiasveracruz.com\/index.php\/wp-json\/wp\/v2\/categories?post=55866"},{"taxonomy":"post_tag","embeddable":true,"href":"https:\/\/noticiasveracruz.com\/index.php\/wp-json\/wp\/v2\/tags?post=55866"}],"curies":[{"name":"wp","href":"https:\/\/api.w.org\/{rel}","templated":true}]}}