{"id":55857,"date":"2025-05-04T16:06:35","date_gmt":"2025-05-04T22:06:35","guid":{"rendered":"https:\/\/noticiasveracruz.com\/?p=55857"},"modified":"2025-05-04T16:06:35","modified_gmt":"2025-05-04T22:06:35","slug":"ruta-totonaca-presente-en-el-tianguis-turistico-2025-celebrado-en-el-estado-de-baja-california","status":"publish","type":"post","link":"https:\/\/noticiasveracruz.com\/index.php\/2025\/05\/04\/ruta-totonaca-presente-en-el-tianguis-turistico-2025-celebrado-en-el-estado-de-baja-california\/","title":{"rendered":"RUTA TOTONACA PRESENTE EN EL TIANGUIS TUR\u00cdSTICO 2025, CELEBRADO EN  EL ESTADO DE BAJA CALIFORNIA"},"content":{"rendered":"<p><strong><span style=\"font-size: 14pt; font-family: arial, helvetica, sans-serif;\">OFERTARON LOS MEJORES LUGARES DE LA ZONA NORTE DEL ESTADO DE VERACRUZ.<\/span><\/strong><\/p>\n<p><span style=\"font-size: 14pt; font-family: arial, helvetica, sans-serif;\">Concluy\u00f3 el Tianguis tur\u00edstico Baja California 2025, Ruta Totonaca obtuvo una\u00a0 importante\u00a0 participaci\u00f3n\u00a0 presentando\u00a0 los mejores atractivos tur\u00edsticos del norte de Veracruz.<\/span><\/p>\n<figure id=\"attachment_55859\" aria-describedby=\"caption-attachment-55859\" style=\"width: 225px\" class=\"wp-caption alignnone\"><img loading=\"lazy\" decoding=\"async\" class=\"wp-image-55859 size-medium\" src=\"http:\/\/noticiasveracruz.com\/wp-content\/uploads\/2025\/05\/Gobernadora-del-estado-de-Veracruz-Ing-Rocio-Nalhe-Garcia-225x300.jpeg\" alt=\"\" width=\"225\" height=\"300\" srcset=\"https:\/\/noticiasveracruz.com\/wp-content\/uploads\/2025\/05\/Gobernadora-del-estado-de-Veracruz-Ing-Rocio-Nalhe-Garcia-225x300.jpeg 225w, https:\/\/noticiasveracruz.com\/wp-content\/uploads\/2025\/05\/Gobernadora-del-estado-de-Veracruz-Ing-Rocio-Nalhe-Garcia-768x1024.jpeg 768w, https:\/\/noticiasveracruz.com\/wp-content\/uploads\/2025\/05\/Gobernadora-del-estado-de-Veracruz-Ing-Rocio-Nalhe-Garcia.jpeg 960w\" sizes=\"auto, (max-width: 225px) 100vw, 225px\" \/><figcaption id=\"caption-attachment-55859\" class=\"wp-caption-text\">Gobernadora del estado de Veracruz Ing Rocio Nalhe Garc\u00eda<\/figcaption><\/figure>\n<p><span style=\"font-size: 14pt; font-family: arial, helvetica, sans-serif;\">Durante el desarrollo del tianguis\u00a0 Cecilia Uresti Villegas presidenta de la Asociaci\u00f3n de hoteles moteles y prestadores de servicios tur\u00edsticos de la regi\u00f3n Totonaca de Veracruz, asi como de la marca Turistica Ruta Totonaca Travel Veracruz,dialog\u00f3 con agencias de viajes\u00a0 y tour operadoras nacionales e Internacionales que mostraron inter\u00e9s por los atractivos tur\u00edsticos con los que cuenta la zona norte , as\u00ed mismo resalt\u00f3 la importancia del turismo comunitario donde participan activamente\u00a0 las comunidades,\u00a0 respetando\u00a0 la protecci\u00f3n del medio ambiente,\u00a0 la preservaci\u00f3n de la cultura y\u00a0 sus tradiciones.<\/span><\/p>\n<figure id=\"attachment_55863\" aria-describedby=\"caption-attachment-55863\" style=\"width: 258px\" class=\"wp-caption alignnone\"><img loading=\"lazy\" decoding=\"async\" class=\"wp-image-55863 size-medium\" src=\"http:\/\/noticiasveracruz.com\/wp-content\/uploads\/2025\/05\/Secretario-de-turismo-de-Baja-California-lic.Miguel-Aguiniga-Rodriguez-258x300.jpeg\" alt=\"\" width=\"258\" height=\"300\" srcset=\"https:\/\/noticiasveracruz.com\/wp-content\/uploads\/2025\/05\/Secretario-de-turismo-de-Baja-California-lic.Miguel-Aguiniga-Rodriguez-258x300.jpeg 258w, https:\/\/noticiasveracruz.com\/wp-content\/uploads\/2025\/05\/Secretario-de-turismo-de-Baja-California-lic.Miguel-Aguiniga-Rodriguez-879x1024.jpeg 879w, https:\/\/noticiasveracruz.com\/wp-content\/uploads\/2025\/05\/Secretario-de-turismo-de-Baja-California-lic.Miguel-Aguiniga-Rodriguez-768x894.jpeg 768w, https:\/\/noticiasveracruz.com\/wp-content\/uploads\/2025\/05\/Secretario-de-turismo-de-Baja-California-lic.Miguel-Aguiniga-Rodriguez.jpeg 1099w\" sizes=\"auto, (max-width: 258px) 100vw, 258px\" \/><figcaption id=\"caption-attachment-55863\" class=\"wp-caption-text\">Secretario de turismo de Baja California lic.Miguel Agui\u00f1iga Rodr\u00edguez<\/figcaption><\/figure>\n<p><span style=\"font-size: 14pt; font-family: arial, helvetica, sans-serif;\">Expuso que al visitar nuestra regi\u00f3n podr\u00e1n\u00a0 hospedarse en un punto para\u00a0 descubrir las impresionantes zonas Arqueol\u00f3gicas de el Taj\u00edn ,Castillo de Teayo, Paxil y Cempoala ,los pueblos m\u00e1gicos de Papantla y Zozocolco,las bellas playas de Cazones, Tamiahua, Tuxpan, Papantla, Tecolutla, y Costa Esmeralda,conocer el museo de la ciudad de Poza Rica, el Cristo redentor en Tihuatl\u00e1n, en Alamo conocer el lugar\u00a0 donde se encontr\u00f3 el impactante monolito prehisp\u00e1nico la joven de Amajac que fu\u00e9 gobernante de la cultura huasteca.<\/span><\/p>\n<figure id=\"attachment_55860\" aria-describedby=\"caption-attachment-55860\" style=\"width: 280px\" class=\"wp-caption alignnone\"><img loading=\"lazy\" decoding=\"async\" class=\"wp-image-55860 size-medium\" src=\"http:\/\/noticiasveracruz.com\/wp-content\/uploads\/2025\/05\/Medico-Tradicional-de-las-comunidades-de-la-sierra-Totonaca-280x300.jpeg\" alt=\"\" width=\"280\" height=\"300\" srcset=\"https:\/\/noticiasveracruz.com\/wp-content\/uploads\/2025\/05\/Medico-Tradicional-de-las-comunidades-de-la-sierra-Totonaca-280x300.jpeg 280w, https:\/\/noticiasveracruz.com\/wp-content\/uploads\/2025\/05\/Medico-Tradicional-de-las-comunidades-de-la-sierra-Totonaca-957x1024.jpeg 957w, https:\/\/noticiasveracruz.com\/wp-content\/uploads\/2025\/05\/Medico-Tradicional-de-las-comunidades-de-la-sierra-Totonaca-768x822.jpeg 768w, https:\/\/noticiasveracruz.com\/wp-content\/uploads\/2025\/05\/Medico-Tradicional-de-las-comunidades-de-la-sierra-Totonaca.jpeg 1196w\" sizes=\"auto, (max-width: 280px) 100vw, 280px\" \/><figcaption id=\"caption-attachment-55860\" class=\"wp-caption-text\">M\u00e9dico Tradicional de las comunidades de la sierra Totonaca.<\/figcaption><\/figure>\n<p><span style=\"font-size: 14pt; font-family: arial, helvetica, sans-serif;\">Los tres patrimonios de la humanidad nombrados por la UNESCO ,la danza ritual de voladores,la zona Arqueol\u00f3gica El Taj\u00edn y el Centro de las Artes Ind\u00edgenas.<\/span><\/p>\n<figure id=\"attachment_55862\" aria-describedby=\"caption-attachment-55862\" style=\"width: 225px\" class=\"wp-caption alignnone\"><img loading=\"lazy\" decoding=\"async\" class=\"wp-image-55862 size-medium\" src=\"http:\/\/noticiasveracruz.com\/wp-content\/uploads\/2025\/05\/Presidente-nacional-de-CANIRAC-Camara-Nacional-de-la-Industria-de-Restaurantes-y-Alimentos-Condimentados-Ignacio-Alarcon-Rodriguez-225x300.jpeg\" alt=\"\" width=\"225\" height=\"300\" srcset=\"https:\/\/noticiasveracruz.com\/wp-content\/uploads\/2025\/05\/Presidente-nacional-de-CANIRAC-Camara-Nacional-de-la-Industria-de-Restaurantes-y-Alimentos-Condimentados-Ignacio-Alarcon-Rodriguez-225x300.jpeg 225w, https:\/\/noticiasveracruz.com\/wp-content\/uploads\/2025\/05\/Presidente-nacional-de-CANIRAC-Camara-Nacional-de-la-Industria-de-Restaurantes-y-Alimentos-Condimentados-Ignacio-Alarcon-Rodriguez-768x1024.jpeg 768w, https:\/\/noticiasveracruz.com\/wp-content\/uploads\/2025\/05\/Presidente-nacional-de-CANIRAC-Camara-Nacional-de-la-Industria-de-Restaurantes-y-Alimentos-Condimentados-Ignacio-Alarcon-Rodriguez.jpeg 960w\" sizes=\"auto, (max-width: 225px) 100vw, 225px\" \/><figcaption id=\"caption-attachment-55862\" class=\"wp-caption-text\">Presidente nacional de CANIRAC (C\u00e1mara Nacional de la Industria de Restaurantes y Alimentos Condimentados ) Ignacio Alarc\u00f3n Rodriguez<\/figcaption><\/figure>\n<p><span style=\"font-size: 14pt; font-family: arial, helvetica, sans-serif;\">As\u00ed como actividades de turismo de naturaleza en Yecuatla, Tlapacoyan y Misantla.<\/span><\/p>\n<p><span style=\"font-size: 14pt; font-family: arial, helvetica, sans-serif;\">Se promovieron\u00a0 productos elaborados en la regi\u00f3n como vainilla, caf\u00e9, miel, canela, pimienta, coco y licores producido en\u00a0 comunidades aut\u00f3nomas.<\/span><\/p>\n<figure id=\"attachment_55861\" aria-describedby=\"caption-attachment-55861\" style=\"width: 177px\" class=\"wp-caption alignnone\"><img loading=\"lazy\" decoding=\"async\" class=\"wp-image-55861 size-medium\" src=\"http:\/\/noticiasveracruz.com\/wp-content\/uploads\/2025\/05\/Presidente-del-Comite-Tecnico-de-FIDETURFideicomiso-para-la-Promocion-Turistica-de-Acapulco-Lic.-Manuel-Negrete-Arias-177x300.jpeg\" alt=\"\" width=\"177\" height=\"300\" srcset=\"https:\/\/noticiasveracruz.com\/wp-content\/uploads\/2025\/05\/Presidente-del-Comite-Tecnico-de-FIDETURFideicomiso-para-la-Promocion-Turistica-de-Acapulco-Lic.-Manuel-Negrete-Arias-177x300.jpeg 177w, https:\/\/noticiasveracruz.com\/wp-content\/uploads\/2025\/05\/Presidente-del-Comite-Tecnico-de-FIDETURFideicomiso-para-la-Promocion-Turistica-de-Acapulco-Lic.-Manuel-Negrete-Arias-605x1024.jpeg 605w, https:\/\/noticiasveracruz.com\/wp-content\/uploads\/2025\/05\/Presidente-del-Comite-Tecnico-de-FIDETURFideicomiso-para-la-Promocion-Turistica-de-Acapulco-Lic.-Manuel-Negrete-Arias.jpeg 756w\" sizes=\"auto, (max-width: 177px) 100vw, 177px\" \/><figcaption id=\"caption-attachment-55861\" class=\"wp-caption-text\">Presidente del Comit\u00e9 T\u00e9cnico de FIDETUR(Fideicomiso para la Promoci\u00f3n Tur\u00edstica de Acapulco) Lic. Manuel Negrete Arias<\/figcaption><\/figure>\n<p><span style=\"font-size: 14pt; font-family: arial, helvetica, sans-serif;\">Cecilia Uresti Villegas resalt\u00f3 que en cada lugar que visiten podr\u00e1n disfrutar de la riqu\u00edsima gastronom\u00eda y lo mejor que se tiene, la calidez de su gente.<\/span><\/p>\n<p><span style=\"font-size: 14pt; font-family: arial, helvetica, sans-serif;\">A su regreso a tierras veracruzanas la presidenta de AHMPRESETUR\u00a0 inform\u00f3 que en el marco de este gran evento se lograron concretar importantes alianzas\u00a0 y relaciones de trabajo como con el secretario de turismo de Baja California,Nayarit y asociaciones de turismo ,se establecieron acuerdos con estados\u00a0 como el \u00a0estado de M\u00e9xico,\u00a0 Guerrero, Baja California y Puebla, mostrando inter\u00e9s por los atractivos de la regi\u00f3n.<\/span><\/p>\n<figure id=\"attachment_55858\" aria-describedby=\"caption-attachment-55858\" style=\"width: 225px\" class=\"wp-caption alignnone\"><img loading=\"lazy\" decoding=\"async\" class=\"wp-image-55858 size-medium\" src=\"http:\/\/noticiasveracruz.com\/wp-content\/uploads\/2025\/05\/Alonso-Vera-Cantu-mejor-conocido-como-Pata-de-perro-es-un-experto-en-turismo-regenerativo.reconocido-por-su-invaluable-labor-en-la-promocion-y-conservac-225x300.jpeg\" alt=\"\" width=\"225\" height=\"300\" srcset=\"https:\/\/noticiasveracruz.com\/wp-content\/uploads\/2025\/05\/Alonso-Vera-Cantu-mejor-conocido-como-Pata-de-perro-es-un-experto-en-turismo-regenerativo.reconocido-por-su-invaluable-labor-en-la-promocion-y-conservac-225x300.jpeg 225w, https:\/\/noticiasveracruz.com\/wp-content\/uploads\/2025\/05\/Alonso-Vera-Cantu-mejor-conocido-como-Pata-de-perro-es-un-experto-en-turismo-regenerativo.reconocido-por-su-invaluable-labor-en-la-promocion-y-conservac-768x1024.jpeg 768w, https:\/\/noticiasveracruz.com\/wp-content\/uploads\/2025\/05\/Alonso-Vera-Cantu-mejor-conocido-como-Pata-de-perro-es-un-experto-en-turismo-regenerativo.reconocido-por-su-invaluable-labor-en-la-promocion-y-conservac.jpeg 960w\" sizes=\"auto, (max-width: 225px) 100vw, 225px\" \/><figcaption id=\"caption-attachment-55858\" class=\"wp-caption-text\">Alonso Vera Cant\u00fa, mejor conocido como Pata de perro, es un experto en turismo regenerativo.reconocido por su invaluable labor en la promoci\u00f3n y conservaci\u00f3n de los destinos mexicanos por la Presidenta de M\u00e9xico, la Dra. Claudia Sheinbaum.<\/figcaption><\/figure>\n<p><span style=\"font-size: 14pt; font-family: arial, helvetica, sans-serif;\">Con esta participaci\u00f3n se\u00a0 promueven los municipios de la zona norte del estado impulsando la econom\u00eda e invit\u00e1ndolos a seguir haciendo turismo en Veracruz.<\/span><\/p>\n","protected":false},"excerpt":{"rendered":"<p>OFERTARON LOS MEJORES LUGARES DE LA ZONA NORTE DEL ESTADO DE VERACRUZ. Concluy\u00f3 el Tianguis tur\u00edstico Baja California 2025, Ruta<\/p>\n","protected":false},"author":4,"featured_media":55864,"comment_status":"closed","ping_status":"closed","sticky":false,"template":"","format":"standard","meta":{"colormag_page_container_layout":"default_layout","colormag_page_sidebar_layout":"default_layout","_jetpack_memberships_contains_paid_content":false,"footnotes":"","jetpack_publicize_message":"","jetpack_publicize_feature_enabled":true,"jetpack_social_post_already_shared":true,"jetpack_social_options":{"image_generator_settings":{"template":"highway","default_image_id":0,"font":"","enabled":false},"version":2}},"categories":[358,4],"tags":[],"class_list":["post-55857","post","type-post","status-publish","format-standard","has-post-thumbnail","hentry","category-cultura","category-nacional"],"jetpack_publicize_connections":[],"jetpack_featured_media_url":"https:\/\/noticiasveracruz.com\/wp-content\/uploads\/2025\/05\/IM-DEST.jpg","jetpack_sharing_enabled":true,"publishpress_future_action":{"enabled":false,"date":"2026-05-05 22:46:51","action":"change-status","newStatus":"draft","terms":[],"taxonomy":"category","extraData":[]},"publishpress_future_workflow_manual_trigger":{"enabledWorkflows":[]},"_links":{"self":[{"href":"https:\/\/noticiasveracruz.com\/index.php\/wp-json\/wp\/v2\/posts\/55857","targetHints":{"allow":["GET"]}}],"collection":[{"href":"https:\/\/noticiasveracruz.com\/index.php\/wp-json\/wp\/v2\/posts"}],"about":[{"href":"https:\/\/noticiasveracruz.com\/index.php\/wp-json\/wp\/v2\/types\/post"}],"author":[{"embeddable":true,"href":"https:\/\/noticiasveracruz.com\/index.php\/wp-json\/wp\/v2\/users\/4"}],"replies":[{"embeddable":true,"href":"https:\/\/noticiasveracruz.com\/index.php\/wp-json\/wp\/v2\/comments?post=55857"}],"version-history":[{"count":0,"href":"https:\/\/noticiasveracruz.com\/index.php\/wp-json\/wp\/v2\/posts\/55857\/revisions"}],"wp:featuredmedia":[{"embeddable":true,"href":"https:\/\/noticiasveracruz.com\/index.php\/wp-json\/wp\/v2\/media\/55864"}],"wp:attachment":[{"href":"https:\/\/noticiasveracruz.com\/index.php\/wp-json\/wp\/v2\/media?parent=55857"}],"wp:term":[{"taxonomy":"category","embeddable":true,"href":"https:\/\/noticiasveracruz.com\/index.php\/wp-json\/wp\/v2\/categories?post=55857"},{"taxonomy":"post_tag","embeddable":true,"href":"https:\/\/noticiasveracruz.com\/index.php\/wp-json\/wp\/v2\/tags?post=55857"}],"curies":[{"name":"wp","href":"https:\/\/api.w.org\/{rel}","templated":true}]}}