{"id":55818,"date":"2025-05-03T12:57:26","date_gmt":"2025-05-03T18:57:26","guid":{"rendered":"https:\/\/noticiasveracruz.com\/?p=55818"},"modified":"2025-05-03T12:57:26","modified_gmt":"2025-05-03T18:57:26","slug":"grupo-canaveral-puso-a-bailar-a-miles-de-asistentes-en-el-segundo-concierto-del-carnaval-tuxpan-2025","status":"publish","type":"post","link":"https:\/\/noticiasveracruz.com\/index.php\/2025\/05\/03\/grupo-canaveral-puso-a-bailar-a-miles-de-asistentes-en-el-segundo-concierto-del-carnaval-tuxpan-2025\/","title":{"rendered":"Grupo Ca\u00f1averal puso a bailar a miles de asistentes en el segundo concierto del Carnaval Tuxpan 2025"},"content":{"rendered":"<p>Tuxpan, Ver., 3 de mayo de 2025.- Con sus grandes \u00e9xitos, Grupo Ca\u00f1averal convirti\u00f3 la noche del viernes en una verdadera fiesta, en lo que fue el segundo concierto del Carnaval Tuxpan 2025.<\/p>\n<p><img loading=\"lazy\" decoding=\"async\" class=\"alignnone size-medium wp-image-55825\" src=\"http:\/\/noticiasveracruz.com\/wp-content\/uploads\/2025\/05\/WhatsApp-Image-2025-05-03-at-11.28.00-2-300x196.jpeg\" alt=\"\" width=\"300\" height=\"196\" srcset=\"https:\/\/noticiasveracruz.com\/wp-content\/uploads\/2025\/05\/WhatsApp-Image-2025-05-03-at-11.28.00-2-300x196.jpeg 300w, https:\/\/noticiasveracruz.com\/wp-content\/uploads\/2025\/05\/WhatsApp-Image-2025-05-03-at-11.28.00-2-1024x670.jpeg 1024w, https:\/\/noticiasveracruz.com\/wp-content\/uploads\/2025\/05\/WhatsApp-Image-2025-05-03-at-11.28.00-2-768x503.jpeg 768w, https:\/\/noticiasveracruz.com\/wp-content\/uploads\/2025\/05\/WhatsApp-Image-2025-05-03-at-11.28.00-2-1536x1005.jpeg 1536w, https:\/\/noticiasveracruz.com\/wp-content\/uploads\/2025\/05\/WhatsApp-Image-2025-05-03-at-11.28.00-2.jpeg 1600w\" sizes=\"auto, (max-width: 300px) 100vw, 300px\" \/> <img loading=\"lazy\" decoding=\"async\" class=\"alignnone size-medium wp-image-55824\" src=\"http:\/\/noticiasveracruz.com\/wp-content\/uploads\/2025\/05\/WhatsApp-Image-2025-05-03-at-11.27.59-300x199.jpeg\" alt=\"\" width=\"300\" height=\"199\" srcset=\"https:\/\/noticiasveracruz.com\/wp-content\/uploads\/2025\/05\/WhatsApp-Image-2025-05-03-at-11.27.59-300x199.jpeg 300w, https:\/\/noticiasveracruz.com\/wp-content\/uploads\/2025\/05\/WhatsApp-Image-2025-05-03-at-11.27.59-1024x678.jpeg 1024w, https:\/\/noticiasveracruz.com\/wp-content\/uploads\/2025\/05\/WhatsApp-Image-2025-05-03-at-11.27.59-768x509.jpeg 768w, https:\/\/noticiasveracruz.com\/wp-content\/uploads\/2025\/05\/WhatsApp-Image-2025-05-03-at-11.27.59.jpeg 1280w\" sizes=\"auto, (max-width: 300px) 100vw, 300px\" \/><\/p>\n<p>La agrupaci\u00f3n, considerada una de las m\u00e1ximas exponentes de la cumbia, ofreci\u00f3 un espect\u00e1culo de ritmo y alegr\u00eda a toda la concurrencia que se congreg\u00f3 en el estadio municipal \u00c1lvaro Lorenzo Fern\u00e1ndez, de la Unidad Deportiva.<\/p>\n<p>Al interpretar canciones como Tiene espinas el rosal, No te voy a perdonar, y Echarme al olvido, pusieron a bailar a los asistentes, en una espl\u00e9ndida velada que quedar\u00e1 en la memoria de todos.<\/p>\n<p><img loading=\"lazy\" decoding=\"async\" class=\"alignnone size-medium wp-image-55823\" src=\"http:\/\/noticiasveracruz.com\/wp-content\/uploads\/2025\/05\/WhatsApp-Image-2025-05-03-at-11.27.57-300x169.jpeg\" alt=\"\" width=\"300\" height=\"169\" srcset=\"https:\/\/noticiasveracruz.com\/wp-content\/uploads\/2025\/05\/WhatsApp-Image-2025-05-03-at-11.27.57-300x169.jpeg 300w, https:\/\/noticiasveracruz.com\/wp-content\/uploads\/2025\/05\/WhatsApp-Image-2025-05-03-at-11.27.57-1024x576.jpeg 1024w, https:\/\/noticiasveracruz.com\/wp-content\/uploads\/2025\/05\/WhatsApp-Image-2025-05-03-at-11.27.57-768x432.jpeg 768w, https:\/\/noticiasveracruz.com\/wp-content\/uploads\/2025\/05\/WhatsApp-Image-2025-05-03-at-11.27.57.jpeg 1280w\" sizes=\"auto, (max-width: 300px) 100vw, 300px\" \/> <img loading=\"lazy\" decoding=\"async\" class=\"alignnone size-medium wp-image-55822\" src=\"http:\/\/noticiasveracruz.com\/wp-content\/uploads\/2025\/05\/WhatsApp-Image-2025-05-03-at-11.27.54-300x206.jpeg\" alt=\"\" width=\"300\" height=\"206\" srcset=\"https:\/\/noticiasveracruz.com\/wp-content\/uploads\/2025\/05\/WhatsApp-Image-2025-05-03-at-11.27.54-300x206.jpeg 300w, https:\/\/noticiasveracruz.com\/wp-content\/uploads\/2025\/05\/WhatsApp-Image-2025-05-03-at-11.27.54-1024x704.jpeg 1024w, https:\/\/noticiasveracruz.com\/wp-content\/uploads\/2025\/05\/WhatsApp-Image-2025-05-03-at-11.27.54-768x528.jpeg 768w, https:\/\/noticiasveracruz.com\/wp-content\/uploads\/2025\/05\/WhatsApp-Image-2025-05-03-at-11.27.54-130x90.jpeg 130w, https:\/\/noticiasveracruz.com\/wp-content\/uploads\/2025\/05\/WhatsApp-Image-2025-05-03-at-11.27.54.jpeg 1280w\" sizes=\"auto, (max-width: 300px) 100vw, 300px\" \/><\/p>\n<p>Para este s\u00e1bado 3 de mayo se tienen programadas m\u00e1s emociones dentro de estas fiestas carnestolendas.<\/p>\n<p>En el segundo paseo de carnaval estar\u00e1 presente Wendy Guevara a bordo de un carro aleg\u00f3rico. El trayecto iniciar\u00e1 a las 18:00 horas en la calle Francisco Murgu\u00eda -dos cuadras antes del Sector Naval- y concluir\u00e1 en el puente Tuxpan.<\/p>\n<p><img loading=\"lazy\" decoding=\"async\" class=\"alignnone size-medium wp-image-55820\" src=\"http:\/\/noticiasveracruz.com\/wp-content\/uploads\/2025\/05\/WhatsApp-Image-2025-05-03-at-11.27.47-300x161.jpeg\" alt=\"\" width=\"300\" height=\"161\" srcset=\"https:\/\/noticiasveracruz.com\/wp-content\/uploads\/2025\/05\/WhatsApp-Image-2025-05-03-at-11.27.47-300x161.jpeg 300w, https:\/\/noticiasveracruz.com\/wp-content\/uploads\/2025\/05\/WhatsApp-Image-2025-05-03-at-11.27.47-1024x549.jpeg 1024w, https:\/\/noticiasveracruz.com\/wp-content\/uploads\/2025\/05\/WhatsApp-Image-2025-05-03-at-11.27.47-768x412.jpeg 768w, https:\/\/noticiasveracruz.com\/wp-content\/uploads\/2025\/05\/WhatsApp-Image-2025-05-03-at-11.27.47.jpeg 1280w\" sizes=\"auto, (max-width: 300px) 100vw, 300px\" \/> <img loading=\"lazy\" decoding=\"async\" class=\"alignnone size-medium wp-image-55819\" src=\"http:\/\/noticiasveracruz.com\/wp-content\/uploads\/2025\/05\/WhatsApp-Image-2025-05-03-at-11.27.46-300x161.jpeg\" alt=\"\" width=\"300\" height=\"161\" srcset=\"https:\/\/noticiasveracruz.com\/wp-content\/uploads\/2025\/05\/WhatsApp-Image-2025-05-03-at-11.27.46-300x161.jpeg 300w, https:\/\/noticiasveracruz.com\/wp-content\/uploads\/2025\/05\/WhatsApp-Image-2025-05-03-at-11.27.46-1024x549.jpeg 1024w, https:\/\/noticiasveracruz.com\/wp-content\/uploads\/2025\/05\/WhatsApp-Image-2025-05-03-at-11.27.46-768x412.jpeg 768w, https:\/\/noticiasveracruz.com\/wp-content\/uploads\/2025\/05\/WhatsApp-Image-2025-05-03-at-11.27.46.jpeg 1280w\" sizes=\"auto, (max-width: 300px) 100vw, 300px\" \/><\/p>\n<p>Y al terminar el desfile se llevar\u00e1 a cabo el tercer concierto masivo con la presentaci\u00f3n de Yahir.<\/p>\n","protected":false},"excerpt":{"rendered":"<p>Tuxpan, Ver., 3 de mayo de 2025.- Con sus grandes \u00e9xitos, Grupo Ca\u00f1averal convirti\u00f3 la noche del viernes en una verdadera fiesta, en lo que fue el segundo concierto del Carnaval Tuxpan 2025. La agrupaci\u00f3n, considerada una de las m\u00e1ximas exponentes de la cumbia, ofreci\u00f3 un espect\u00e1culo de ritmo y alegr\u00eda a toda la concurrencia [&hellip;]<\/p>\n","protected":false},"author":4,"featured_media":55821,"comment_status":"closed","ping_status":"closed","sticky":false,"template":"","format":"standard","meta":{"_jetpack_newsletter_access":"","_jetpack_dont_email_post_to_subs":false,"_jetpack_newsletter_tier_id":0,"_jetpack_memberships_contains_paywalled_content":false,"_jetpack_feature_clip_id":0,"_jetpack_memberships_contains_paid_content":false,"footnotes":"","jetpack_publicize_message":"","jetpack_publicize_feature_enabled":true,"jetpack_social_post_already_shared":true,"jetpack_social_options":{"image_generator_settings":{"template":"highway","default_image_id":0,"font":"","enabled":false},"version":2},"jetpack_post_was_ever_published":false},"categories":[3372,356],"tags":[],"class_list":["post-55818","post","type-post","status-publish","format-standard","has-post-thumbnail","hentry","category-gobierno-tuxpan","category-veracruz"],"jetpack_publicize_connections":[],"jetpack_sharing_enabled":true,"publishpress_future_action":{"enabled":false,"date":"2026-09-07 07:49:21","action":"change-status","newStatus":"draft","terms":[],"taxonomy":"category","extraData":[]},"publishpress_future_workflow_manual_trigger":{"enabledWorkflows":[]},"jetpack_featured_media_url":"https:\/\/noticiasveracruz.com\/wp-content\/uploads\/2025\/05\/WhatsApp-Image-2025-05-03-at-11.27.50.jpeg","_links":{"self":[{"href":"https:\/\/noticiasveracruz.com\/index.php\/wp-json\/wp\/v2\/posts\/55818","targetHints":{"allow":["GET"]}}],"collection":[{"href":"https:\/\/noticiasveracruz.com\/index.php\/wp-json\/wp\/v2\/posts"}],"about":[{"href":"https:\/\/noticiasveracruz.com\/index.php\/wp-json\/wp\/v2\/types\/post"}],"author":[{"embeddable":true,"href":"https:\/\/noticiasveracruz.com\/index.php\/wp-json\/wp\/v2\/users\/4"}],"replies":[{"embeddable":true,"href":"https:\/\/noticiasveracruz.com\/index.php\/wp-json\/wp\/v2\/comments?post=55818"}],"version-history":[{"count":0,"href":"https:\/\/noticiasveracruz.com\/index.php\/wp-json\/wp\/v2\/posts\/55818\/revisions"}],"wp:featuredmedia":[{"embeddable":true,"href":"https:\/\/noticiasveracruz.com\/index.php\/wp-json\/wp\/v2\/media\/55821"}],"wp:attachment":[{"href":"https:\/\/noticiasveracruz.com\/index.php\/wp-json\/wp\/v2\/media?parent=55818"}],"wp:term":[{"taxonomy":"category","embeddable":true,"href":"https:\/\/noticiasveracruz.com\/index.php\/wp-json\/wp\/v2\/categories?post=55818"},{"taxonomy":"post_tag","embeddable":true,"href":"https:\/\/noticiasveracruz.com\/index.php\/wp-json\/wp\/v2\/tags?post=55818"}],"curies":[{"name":"wp","href":"https:\/\/api.w.org\/{rel}","templated":true}]}}