{"id":55796,"date":"2025-05-03T01:09:36","date_gmt":"2025-05-03T07:09:36","guid":{"rendered":"https:\/\/noticiasveracruz.com\/?p=55796"},"modified":"2025-05-03T01:09:36","modified_gmt":"2025-05-03T07:09:36","slug":"impresionante-y-multitudinario-primer-paseo-del-carnaval-tuxpan-2025","status":"publish","type":"post","link":"https:\/\/noticiasveracruz.com\/index.php\/2025\/05\/03\/impresionante-y-multitudinario-primer-paseo-del-carnaval-tuxpan-2025\/","title":{"rendered":"Impresionante y multitudinario primer paseo del Carnaval Tuxpan 2025"},"content":{"rendered":"<p>Tuxpan, Ver., 3 de mayo de 2025.- Todo un \u00e9xito result\u00f3 el primer paseo del Carnaval Tuxpan 2025 \u201cLa alegr\u00eda eres t\u00fa\u201d, en el que cientos de familias disfrutaron de la m\u00fasica, el baile y la diversi\u00f3n.<\/p>\n<p><img loading=\"lazy\" decoding=\"async\" class=\"alignnone size-medium wp-image-55812\" src=\"http:\/\/noticiasveracruz.com\/wp-content\/uploads\/2025\/05\/WhatsApp-Image-2025-05-03-at-00.30.24-300x205.jpeg\" alt=\"\" width=\"300\" height=\"205\" srcset=\"https:\/\/noticiasveracruz.com\/wp-content\/uploads\/2025\/05\/WhatsApp-Image-2025-05-03-at-00.30.24-300x205.jpeg 300w, https:\/\/noticiasveracruz.com\/wp-content\/uploads\/2025\/05\/WhatsApp-Image-2025-05-03-at-00.30.24-1024x701.jpeg 1024w, https:\/\/noticiasveracruz.com\/wp-content\/uploads\/2025\/05\/WhatsApp-Image-2025-05-03-at-00.30.24-768x526.jpeg 768w, https:\/\/noticiasveracruz.com\/wp-content\/uploads\/2025\/05\/WhatsApp-Image-2025-05-03-at-00.30.24-1536x1051.jpeg 1536w, https:\/\/noticiasveracruz.com\/wp-content\/uploads\/2025\/05\/WhatsApp-Image-2025-05-03-at-00.30.24-130x90.jpeg 130w, https:\/\/noticiasveracruz.com\/wp-content\/uploads\/2025\/05\/WhatsApp-Image-2025-05-03-at-00.30.24.jpeg 1600w\" sizes=\"auto, (max-width: 300px) 100vw, 300px\" \/> <img loading=\"lazy\" decoding=\"async\" class=\"alignnone size-medium wp-image-55811\" src=\"http:\/\/noticiasveracruz.com\/wp-content\/uploads\/2025\/05\/WhatsApp-Image-2025-05-03-at-00.30.23-300x211.jpeg\" alt=\"\" width=\"300\" height=\"211\" srcset=\"https:\/\/noticiasveracruz.com\/wp-content\/uploads\/2025\/05\/WhatsApp-Image-2025-05-03-at-00.30.23-300x211.jpeg 300w, https:\/\/noticiasveracruz.com\/wp-content\/uploads\/2025\/05\/WhatsApp-Image-2025-05-03-at-00.30.23-1024x721.jpeg 1024w, https:\/\/noticiasveracruz.com\/wp-content\/uploads\/2025\/05\/WhatsApp-Image-2025-05-03-at-00.30.23-768x541.jpeg 768w, https:\/\/noticiasveracruz.com\/wp-content\/uploads\/2025\/05\/WhatsApp-Image-2025-05-03-at-00.30.23-1536x1082.jpeg 1536w, https:\/\/noticiasveracruz.com\/wp-content\/uploads\/2025\/05\/WhatsApp-Image-2025-05-03-at-00.30.23-130x90.jpeg 130w, https:\/\/noticiasveracruz.com\/wp-content\/uploads\/2025\/05\/WhatsApp-Image-2025-05-03-at-00.30.23.jpeg 1599w\" sizes=\"auto, (max-width: 300px) 100vw, 300px\" \/> <img loading=\"lazy\" decoding=\"async\" class=\"alignnone size-medium wp-image-55810\" src=\"http:\/\/noticiasveracruz.com\/wp-content\/uploads\/2025\/05\/WhatsApp-Image-2025-05-03-at-00.30.22-300x205.jpeg\" alt=\"\" width=\"300\" height=\"205\" srcset=\"https:\/\/noticiasveracruz.com\/wp-content\/uploads\/2025\/05\/WhatsApp-Image-2025-05-03-at-00.30.22-300x205.jpeg 300w, https:\/\/noticiasveracruz.com\/wp-content\/uploads\/2025\/05\/WhatsApp-Image-2025-05-03-at-00.30.22-1024x700.jpeg 1024w, https:\/\/noticiasveracruz.com\/wp-content\/uploads\/2025\/05\/WhatsApp-Image-2025-05-03-at-00.30.22-768x525.jpeg 768w, https:\/\/noticiasveracruz.com\/wp-content\/uploads\/2025\/05\/WhatsApp-Image-2025-05-03-at-00.30.22-1536x1049.jpeg 1536w, https:\/\/noticiasveracruz.com\/wp-content\/uploads\/2025\/05\/WhatsApp-Image-2025-05-03-at-00.30.22-130x90.jpeg 130w, https:\/\/noticiasveracruz.com\/wp-content\/uploads\/2025\/05\/WhatsApp-Image-2025-05-03-at-00.30.22.jpeg 1600w\" sizes=\"auto, (max-width: 300px) 100vw, 300px\" \/><\/p>\n<p>Las batucadas, las comparsas, los carros aleg\u00f3ricos y bandas musicales mantuvieron un ambiente de gran algarab\u00eda entre los asistentes.<\/p>\n<p>Participaron academias de baile, empresas, e instituciones educativas, tanto de Tuxpan como provenientes de diversos municipios de Veracruz y otras entidades de la rep\u00fablica.<\/p>\n<p><img loading=\"lazy\" decoding=\"async\" class=\"alignnone size-medium wp-image-55809\" src=\"http:\/\/noticiasveracruz.com\/wp-content\/uploads\/2025\/05\/WhatsApp-Image-2025-05-03-at-00.30.21-300x199.jpeg\" alt=\"\" width=\"300\" height=\"199\" srcset=\"https:\/\/noticiasveracruz.com\/wp-content\/uploads\/2025\/05\/WhatsApp-Image-2025-05-03-at-00.30.21-300x199.jpeg 300w, https:\/\/noticiasveracruz.com\/wp-content\/uploads\/2025\/05\/WhatsApp-Image-2025-05-03-at-00.30.21-1024x681.jpeg 1024w, https:\/\/noticiasveracruz.com\/wp-content\/uploads\/2025\/05\/WhatsApp-Image-2025-05-03-at-00.30.21-768x511.jpeg 768w, https:\/\/noticiasveracruz.com\/wp-content\/uploads\/2025\/05\/WhatsApp-Image-2025-05-03-at-00.30.21.jpeg 1280w\" sizes=\"auto, (max-width: 300px) 100vw, 300px\" \/> <img loading=\"lazy\" decoding=\"async\" class=\"alignnone size-medium wp-image-55808\" src=\"http:\/\/noticiasveracruz.com\/wp-content\/uploads\/2025\/05\/WhatsApp-Image-2025-05-03-at-00.30.21-1-300x203.jpeg\" alt=\"\" width=\"300\" height=\"203\" srcset=\"https:\/\/noticiasveracruz.com\/wp-content\/uploads\/2025\/05\/WhatsApp-Image-2025-05-03-at-00.30.21-1-300x203.jpeg 300w, https:\/\/noticiasveracruz.com\/wp-content\/uploads\/2025\/05\/WhatsApp-Image-2025-05-03-at-00.30.21-1-1024x692.jpeg 1024w, https:\/\/noticiasveracruz.com\/wp-content\/uploads\/2025\/05\/WhatsApp-Image-2025-05-03-at-00.30.21-1-768x519.jpeg 768w, https:\/\/noticiasveracruz.com\/wp-content\/uploads\/2025\/05\/WhatsApp-Image-2025-05-03-at-00.30.21-1-1536x1039.jpeg 1536w, https:\/\/noticiasveracruz.com\/wp-content\/uploads\/2025\/05\/WhatsApp-Image-2025-05-03-at-00.30.21-1.jpeg 1600w\" sizes=\"auto, (max-width: 300px) 100vw, 300px\" \/> <img loading=\"lazy\" decoding=\"async\" class=\"alignnone size-medium wp-image-55807\" src=\"http:\/\/noticiasveracruz.com\/wp-content\/uploads\/2025\/05\/WhatsApp-Image-2025-05-03-at-00.30.20-300x203.jpeg\" alt=\"\" width=\"300\" height=\"203\" srcset=\"https:\/\/noticiasveracruz.com\/wp-content\/uploads\/2025\/05\/WhatsApp-Image-2025-05-03-at-00.30.20-300x203.jpeg 300w, https:\/\/noticiasveracruz.com\/wp-content\/uploads\/2025\/05\/WhatsApp-Image-2025-05-03-at-00.30.20-1024x694.jpeg 1024w, https:\/\/noticiasveracruz.com\/wp-content\/uploads\/2025\/05\/WhatsApp-Image-2025-05-03-at-00.30.20-768x520.jpeg 768w, https:\/\/noticiasveracruz.com\/wp-content\/uploads\/2025\/05\/WhatsApp-Image-2025-05-03-at-00.30.20.jpeg 1280w\" sizes=\"auto, (max-width: 300px) 100vw, 300px\" \/><\/p>\n<p>Durante este paseo estuvieron presentes el alcalde Dr. Jes\u00fas Fomperoza Torres acompa\u00f1ado de su esposa Melba L\u00f3pez Guti\u00e9rrez, presidenta del DIF Tuxpan; as\u00ed como la s\u00edndica \u00fanica Lidia de Jes\u00fas Santiago Hern\u00e1ndez, y las regidoras y regidores Mar\u00eda del Pilar Mart\u00ednez Matesanz, Anah\u00ed Aguilar L\u00f3pez, Juan G\u00f3mez Garc\u00eda y Luis Demetrio L\u00f3pez Mar\u00edn.<\/p>\n<p><img loading=\"lazy\" decoding=\"async\" class=\"alignnone size-medium wp-image-55806\" src=\"http:\/\/noticiasveracruz.com\/wp-content\/uploads\/2025\/05\/WhatsApp-Image-2025-05-03-at-00.30.20-1-300x218.jpeg\" alt=\"\" width=\"300\" height=\"218\" srcset=\"https:\/\/noticiasveracruz.com\/wp-content\/uploads\/2025\/05\/WhatsApp-Image-2025-05-03-at-00.30.20-1-300x218.jpeg 300w, https:\/\/noticiasveracruz.com\/wp-content\/uploads\/2025\/05\/WhatsApp-Image-2025-05-03-at-00.30.20-1-1024x746.jpeg 1024w, https:\/\/noticiasveracruz.com\/wp-content\/uploads\/2025\/05\/WhatsApp-Image-2025-05-03-at-00.30.20-1-768x559.jpeg 768w, https:\/\/noticiasveracruz.com\/wp-content\/uploads\/2025\/05\/WhatsApp-Image-2025-05-03-at-00.30.20-1.jpeg 1280w\" sizes=\"auto, (max-width: 300px) 100vw, 300px\" \/> <img loading=\"lazy\" decoding=\"async\" class=\"alignnone size-medium wp-image-55805\" src=\"http:\/\/noticiasveracruz.com\/wp-content\/uploads\/2025\/05\/WhatsApp-Image-2025-05-03-at-00.30.19-300x198.jpeg\" alt=\"\" width=\"300\" height=\"198\" srcset=\"https:\/\/noticiasveracruz.com\/wp-content\/uploads\/2025\/05\/WhatsApp-Image-2025-05-03-at-00.30.19-300x198.jpeg 300w, https:\/\/noticiasveracruz.com\/wp-content\/uploads\/2025\/05\/WhatsApp-Image-2025-05-03-at-00.30.19-1024x677.jpeg 1024w, https:\/\/noticiasveracruz.com\/wp-content\/uploads\/2025\/05\/WhatsApp-Image-2025-05-03-at-00.30.19-768x508.jpeg 768w, https:\/\/noticiasveracruz.com\/wp-content\/uploads\/2025\/05\/WhatsApp-Image-2025-05-03-at-00.30.19.jpeg 1280w\" sizes=\"auto, (max-width: 300px) 100vw, 300px\" \/> <img loading=\"lazy\" decoding=\"async\" class=\"alignnone size-medium wp-image-55804\" src=\"http:\/\/noticiasveracruz.com\/wp-content\/uploads\/2025\/05\/WhatsApp-Image-2025-05-03-at-00.30.19-1-300x199.jpeg\" alt=\"\" width=\"300\" height=\"199\" srcset=\"https:\/\/noticiasveracruz.com\/wp-content\/uploads\/2025\/05\/WhatsApp-Image-2025-05-03-at-00.30.19-1-300x199.jpeg 300w, https:\/\/noticiasveracruz.com\/wp-content\/uploads\/2025\/05\/WhatsApp-Image-2025-05-03-at-00.30.19-1-1024x681.jpeg 1024w, https:\/\/noticiasveracruz.com\/wp-content\/uploads\/2025\/05\/WhatsApp-Image-2025-05-03-at-00.30.19-1-768x511.jpeg 768w, https:\/\/noticiasveracruz.com\/wp-content\/uploads\/2025\/05\/WhatsApp-Image-2025-05-03-at-00.30.19-1.jpeg 1280w\" sizes=\"auto, (max-width: 300px) 100vw, 300px\" \/><\/p>\n<p>Este s\u00e1bado 3 de mayo, a las 18:00 horas, se realizar\u00e1 el segundo desfile de carnaval, que cotar\u00e1 con la presencia de la famosa influencer Wendy Guevara, quien recorrer\u00e1 el bulevar arriba de un carro aleg\u00f3rico.<\/p>\n<p><img loading=\"lazy\" decoding=\"async\" class=\"alignnone size-medium wp-image-55803\" src=\"http:\/\/noticiasveracruz.com\/wp-content\/uploads\/2025\/05\/WhatsApp-Image-2025-05-03-at-00.30.18-169x300.jpeg\" alt=\"\" width=\"169\" height=\"300\" srcset=\"https:\/\/noticiasveracruz.com\/wp-content\/uploads\/2025\/05\/WhatsApp-Image-2025-05-03-at-00.30.18-169x300.jpeg 169w, https:\/\/noticiasveracruz.com\/wp-content\/uploads\/2025\/05\/WhatsApp-Image-2025-05-03-at-00.30.18-576x1024.jpeg 576w, https:\/\/noticiasveracruz.com\/wp-content\/uploads\/2025\/05\/WhatsApp-Image-2025-05-03-at-00.30.18.jpeg 720w\" sizes=\"auto, (max-width: 169px) 100vw, 169px\" \/> <img loading=\"lazy\" decoding=\"async\" class=\"alignnone size-medium wp-image-55802\" src=\"http:\/\/noticiasveracruz.com\/wp-content\/uploads\/2025\/05\/WhatsApp-Image-2025-05-03-at-00.30.18-1-300x169.jpeg\" alt=\"\" width=\"300\" height=\"169\" srcset=\"https:\/\/noticiasveracruz.com\/wp-content\/uploads\/2025\/05\/WhatsApp-Image-2025-05-03-at-00.30.18-1-300x169.jpeg 300w, https:\/\/noticiasveracruz.com\/wp-content\/uploads\/2025\/05\/WhatsApp-Image-2025-05-03-at-00.30.18-1-1024x576.jpeg 1024w, https:\/\/noticiasveracruz.com\/wp-content\/uploads\/2025\/05\/WhatsApp-Image-2025-05-03-at-00.30.18-1-768x432.jpeg 768w, https:\/\/noticiasveracruz.com\/wp-content\/uploads\/2025\/05\/WhatsApp-Image-2025-05-03-at-00.30.18-1.jpeg 1280w\" sizes=\"auto, (max-width: 300px) 100vw, 300px\" \/> <img loading=\"lazy\" decoding=\"async\" class=\"alignnone size-medium wp-image-55800\" src=\"http:\/\/noticiasveracruz.com\/wp-content\/uploads\/2025\/05\/WhatsApp-Image-2025-05-03-at-00.30.17-1-300x196.jpeg\" alt=\"\" width=\"300\" height=\"196\" srcset=\"https:\/\/noticiasveracruz.com\/wp-content\/uploads\/2025\/05\/WhatsApp-Image-2025-05-03-at-00.30.17-1-300x196.jpeg 300w, https:\/\/noticiasveracruz.com\/wp-content\/uploads\/2025\/05\/WhatsApp-Image-2025-05-03-at-00.30.17-1-1024x670.jpeg 1024w, https:\/\/noticiasveracruz.com\/wp-content\/uploads\/2025\/05\/WhatsApp-Image-2025-05-03-at-00.30.17-1-768x502.jpeg 768w, https:\/\/noticiasveracruz.com\/wp-content\/uploads\/2025\/05\/WhatsApp-Image-2025-05-03-at-00.30.17-1.jpeg 1280w\" sizes=\"auto, (max-width: 300px) 100vw, 300px\" \/><\/p>\n<p>El trayecto iniciar\u00e1 en la calle Francisco Murgu\u00eda (2 cuadras antes del Sector Naval) y concluir\u00e1 en el Puente Tuxpan. \u00a1No te lo pierdas!<\/p>\n<p><img loading=\"lazy\" decoding=\"async\" class=\"alignnone size-medium wp-image-55799\" src=\"http:\/\/noticiasveracruz.com\/wp-content\/uploads\/2025\/05\/WhatsApp-Image-2025-05-03-at-00.30.16-300x183.jpeg\" alt=\"\" width=\"300\" height=\"183\" srcset=\"https:\/\/noticiasveracruz.com\/wp-content\/uploads\/2025\/05\/WhatsApp-Image-2025-05-03-at-00.30.16-300x183.jpeg 300w, https:\/\/noticiasveracruz.com\/wp-content\/uploads\/2025\/05\/WhatsApp-Image-2025-05-03-at-00.30.16-1024x624.jpeg 1024w, https:\/\/noticiasveracruz.com\/wp-content\/uploads\/2025\/05\/WhatsApp-Image-2025-05-03-at-00.30.16-768x468.jpeg 768w, https:\/\/noticiasveracruz.com\/wp-content\/uploads\/2025\/05\/WhatsApp-Image-2025-05-03-at-00.30.16.jpeg 1279w\" sizes=\"auto, (max-width: 300px) 100vw, 300px\" \/> <img loading=\"lazy\" decoding=\"async\" class=\"alignnone size-medium wp-image-55798\" src=\"http:\/\/noticiasveracruz.com\/wp-content\/uploads\/2025\/05\/WhatsApp-Image-2025-05-03-at-00.30.15-300x169.jpeg\" alt=\"\" width=\"300\" height=\"169\" srcset=\"https:\/\/noticiasveracruz.com\/wp-content\/uploads\/2025\/05\/WhatsApp-Image-2025-05-03-at-00.30.15-300x169.jpeg 300w, https:\/\/noticiasveracruz.com\/wp-content\/uploads\/2025\/05\/WhatsApp-Image-2025-05-03-at-00.30.15-1024x576.jpeg 1024w, https:\/\/noticiasveracruz.com\/wp-content\/uploads\/2025\/05\/WhatsApp-Image-2025-05-03-at-00.30.15-768x432.jpeg 768w, https:\/\/noticiasveracruz.com\/wp-content\/uploads\/2025\/05\/WhatsApp-Image-2025-05-03-at-00.30.15.jpeg 1280w\" sizes=\"auto, (max-width: 300px) 100vw, 300px\" \/> <img loading=\"lazy\" decoding=\"async\" class=\"alignnone size-medium wp-image-55797\" src=\"http:\/\/noticiasveracruz.com\/wp-content\/uploads\/2025\/05\/WhatsApp-Image-2025-05-03-at-00.30.15-1-300x169.jpeg\" alt=\"\" width=\"300\" height=\"169\" srcset=\"https:\/\/noticiasveracruz.com\/wp-content\/uploads\/2025\/05\/WhatsApp-Image-2025-05-03-at-00.30.15-1-300x169.jpeg 300w, https:\/\/noticiasveracruz.com\/wp-content\/uploads\/2025\/05\/WhatsApp-Image-2025-05-03-at-00.30.15-1-1024x576.jpeg 1024w, https:\/\/noticiasveracruz.com\/wp-content\/uploads\/2025\/05\/WhatsApp-Image-2025-05-03-at-00.30.15-1-768x432.jpeg 768w, https:\/\/noticiasveracruz.com\/wp-content\/uploads\/2025\/05\/WhatsApp-Image-2025-05-03-at-00.30.15-1.jpeg 1280w\" sizes=\"auto, (max-width: 300px) 100vw, 300px\" \/><\/p>\n","protected":false},"excerpt":{"rendered":"<p>Tuxpan, Ver., 3 de mayo de 2025.- Todo un \u00e9xito result\u00f3 el primer paseo del Carnaval Tuxpan 2025 \u201cLa alegr\u00eda eres t\u00fa\u201d, en el que cientos de familias disfrutaron de la m\u00fasica, el baile y la diversi\u00f3n. Las batucadas, las comparsas, los carros aleg\u00f3ricos y bandas musicales mantuvieron un ambiente de gran algarab\u00eda entre los [&hellip;]<\/p>\n","protected":false},"author":4,"featured_media":55801,"comment_status":"closed","ping_status":"closed","sticky":false,"template":"","format":"standard","meta":{"_jetpack_newsletter_access":"","_jetpack_dont_email_post_to_subs":false,"_jetpack_newsletter_tier_id":0,"_jetpack_memberships_contains_paywalled_content":false,"_jetpack_feature_clip_id":0,"_jetpack_memberships_contains_paid_content":false,"footnotes":"","jetpack_publicize_message":"","jetpack_publicize_feature_enabled":true,"jetpack_social_post_already_shared":true,"jetpack_social_options":{"image_generator_settings":{"template":"highway","default_image_id":0,"font":"","enabled":false},"version":2},"jetpack_post_was_ever_published":false},"categories":[3372,356],"tags":[],"class_list":["post-55796","post","type-post","status-publish","format-standard","has-post-thumbnail","hentry","category-gobierno-tuxpan","category-veracruz"],"jetpack_publicize_connections":[],"jetpack_sharing_enabled":true,"publishpress_future_action":{"enabled":false,"date":"2026-09-07 07:18:51","action":"change-status","newStatus":"draft","terms":[],"taxonomy":"category","extraData":[]},"publishpress_future_workflow_manual_trigger":{"enabledWorkflows":[]},"jetpack_featured_media_url":"https:\/\/noticiasveracruz.com\/wp-content\/uploads\/2025\/05\/WhatsApp-Image-2025-05-03-at-00.30.17.jpeg","_links":{"self":[{"href":"https:\/\/noticiasveracruz.com\/index.php\/wp-json\/wp\/v2\/posts\/55796","targetHints":{"allow":["GET"]}}],"collection":[{"href":"https:\/\/noticiasveracruz.com\/index.php\/wp-json\/wp\/v2\/posts"}],"about":[{"href":"https:\/\/noticiasveracruz.com\/index.php\/wp-json\/wp\/v2\/types\/post"}],"author":[{"embeddable":true,"href":"https:\/\/noticiasveracruz.com\/index.php\/wp-json\/wp\/v2\/users\/4"}],"replies":[{"embeddable":true,"href":"https:\/\/noticiasveracruz.com\/index.php\/wp-json\/wp\/v2\/comments?post=55796"}],"version-history":[{"count":0,"href":"https:\/\/noticiasveracruz.com\/index.php\/wp-json\/wp\/v2\/posts\/55796\/revisions"}],"wp:featuredmedia":[{"embeddable":true,"href":"https:\/\/noticiasveracruz.com\/index.php\/wp-json\/wp\/v2\/media\/55801"}],"wp:attachment":[{"href":"https:\/\/noticiasveracruz.com\/index.php\/wp-json\/wp\/v2\/media?parent=55796"}],"wp:term":[{"taxonomy":"category","embeddable":true,"href":"https:\/\/noticiasveracruz.com\/index.php\/wp-json\/wp\/v2\/categories?post=55796"},{"taxonomy":"post_tag","embeddable":true,"href":"https:\/\/noticiasveracruz.com\/index.php\/wp-json\/wp\/v2\/tags?post=55796"}],"curies":[{"name":"wp","href":"https:\/\/api.w.org\/{rel}","templated":true}]}}