{"id":55745,"date":"2025-05-03T00:04:07","date_gmt":"2025-05-03T06:04:07","guid":{"rendered":"https:\/\/noticiasveracruz.com\/?p=55745"},"modified":"2025-05-02T21:03:09","modified_gmt":"2025-05-03T03:03:09","slug":"falta-de-insumos-en-el-hospital-imss-bienestar","status":"publish","type":"post","link":"https:\/\/noticiasveracruz.com\/index.php\/2025\/05\/03\/falta-de-insumos-en-el-hospital-imss-bienestar\/","title":{"rendered":"Falta de insumos en el hospital IMSS Bienestar"},"content":{"rendered":"<p>Debido a la transici\u00f3n a IMSS Bienestar el hospital regional \u201cDr. Valent\u00edn G\u00f3mez Far\u00edas\u201d de Coatzacoalcos sigue teniendo un desorden, adem\u00e1s de carecer de insumos y hasta medicamentos.<\/p>\n<p>El secretario general del Sindicato \u00danico de Trabajadores del Hospital Regional de Coatzacoalcos (SUTHRC) Juan Pablo Sosa Gonz\u00e1lez, explic\u00f3 que tambi\u00e9n hay retrasos en la asignaci\u00f3n de escalafones a los agremiados.<\/p>\n<p>\u201cSe tiene que trabajar y atender la situaci\u00f3n directamente con los hospitales, sobre todo \u00e9ste que es el hospital regional de Coatzacoalcos para que pueda tener sus insumos, ya sea medicamentos, material de curaci\u00f3n, equipamiento en orden y un abastecimiento adecuado para los pacientes\u201d, dijo.<\/p>\n<p>Respecto al hospital de la mujer y la ni\u00f1ez IMSS Bienestar y su puesta en operaci\u00f3n, reconoci\u00f3 que dentro de los agremiados del SUTHRC hay personal calificado, pero hasta el momento no han tenido acercamiento con las autoridades para que enfermeras, trabajadoras sociales o m\u00e9dicos adheridos sean reintegrados a esa unidad m\u00e9dica.<\/p>\n<p>\u201cEsperemos que en las reuniones que se puedan hacer en mayo se puedan tratar esos puntos, el hospital regional es el m\u00e1s grande de la zona sur y en el materno infantil esperemos poder llegar y generar un impacto positivo en la poblaci\u00f3n\u201d, finaliz\u00f3.<\/p>\n","protected":false},"excerpt":{"rendered":"<p>Debido a la transici\u00f3n a IMSS Bienestar el hospital regional \u201cDr. Valent\u00edn G\u00f3mez Far\u00edas\u201d de Coatzacoalcos sigue teniendo un desorden, adem\u00e1s de carecer de insumos y hasta medicamentos. El secretario general del Sindicato \u00danico de Trabajadores del Hospital Regional de Coatzacoalcos (SUTHRC) Juan Pablo Sosa Gonz\u00e1lez, explic\u00f3 que tambi\u00e9n hay retrasos en la asignaci\u00f3n de [&hellip;]<\/p>\n","protected":false},"author":4,"featured_media":55746,"comment_status":"closed","ping_status":"closed","sticky":false,"template":"","format":"standard","meta":{"_jetpack_newsletter_access":"","_jetpack_dont_email_post_to_subs":false,"_jetpack_newsletter_tier_id":0,"_jetpack_memberships_contains_paywalled_content":false,"_jetpack_feature_clip_id":0,"_jetpack_memberships_contains_paid_content":false,"footnotes":"","jetpack_publicize_message":"","jetpack_publicize_feature_enabled":true,"jetpack_social_post_already_shared":true,"jetpack_social_options":{"image_generator_settings":{"template":"highway","default_image_id":0,"font":"","enabled":false},"version":2},"jetpack_post_was_ever_published":false},"categories":[356],"tags":[],"class_list":["post-55745","post","type-post","status-publish","format-standard","has-post-thumbnail","hentry","category-veracruz"],"jetpack_publicize_connections":[],"jetpack_sharing_enabled":true,"publishpress_future_action":{"enabled":false,"date":"2026-09-07 06:51:49","action":"change-status","newStatus":"draft","terms":[],"taxonomy":"category","extraData":[]},"publishpress_future_workflow_manual_trigger":{"enabledWorkflows":[]},"jetpack_featured_media_url":"https:\/\/noticiasveracruz.com\/wp-content\/uploads\/2025\/05\/8a.jpg","_links":{"self":[{"href":"https:\/\/noticiasveracruz.com\/index.php\/wp-json\/wp\/v2\/posts\/55745","targetHints":{"allow":["GET"]}}],"collection":[{"href":"https:\/\/noticiasveracruz.com\/index.php\/wp-json\/wp\/v2\/posts"}],"about":[{"href":"https:\/\/noticiasveracruz.com\/index.php\/wp-json\/wp\/v2\/types\/post"}],"author":[{"embeddable":true,"href":"https:\/\/noticiasveracruz.com\/index.php\/wp-json\/wp\/v2\/users\/4"}],"replies":[{"embeddable":true,"href":"https:\/\/noticiasveracruz.com\/index.php\/wp-json\/wp\/v2\/comments?post=55745"}],"version-history":[{"count":0,"href":"https:\/\/noticiasveracruz.com\/index.php\/wp-json\/wp\/v2\/posts\/55745\/revisions"}],"wp:featuredmedia":[{"embeddable":true,"href":"https:\/\/noticiasveracruz.com\/index.php\/wp-json\/wp\/v2\/media\/55746"}],"wp:attachment":[{"href":"https:\/\/noticiasveracruz.com\/index.php\/wp-json\/wp\/v2\/media?parent=55745"}],"wp:term":[{"taxonomy":"category","embeddable":true,"href":"https:\/\/noticiasveracruz.com\/index.php\/wp-json\/wp\/v2\/categories?post=55745"},{"taxonomy":"post_tag","embeddable":true,"href":"https:\/\/noticiasveracruz.com\/index.php\/wp-json\/wp\/v2\/tags?post=55745"}],"curies":[{"name":"wp","href":"https:\/\/api.w.org\/{rel}","templated":true}]}}