{"id":55742,"date":"2025-05-03T00:03:34","date_gmt":"2025-05-03T06:03:34","guid":{"rendered":"https:\/\/noticiasveracruz.com\/?p=55742"},"modified":"2025-05-02T21:01:26","modified_gmt":"2025-05-03T03:01:26","slug":"2025-es-el-segundo-ano-mas-seco-en-veracruz","status":"publish","type":"post","link":"https:\/\/noticiasveracruz.com\/index.php\/2025\/05\/03\/2025-es-el-segundo-ano-mas-seco-en-veracruz\/","title":{"rendered":"2025 es el segundo a\u00f1o m\u00e1s seco en Veracruz"},"content":{"rendered":"<p>El a\u00f1o 2025 se perfila como el segundo m\u00e1s seco en Veracruz desde 1981, inform\u00f3 la jefa de Hidrometeorolog\u00eda del Organismo de Cuenca Golfo-Centro de la Comisi\u00f3n Nacional del Agua (Conagua), Jessica Luna Lagunes.<\/p>\n<p>En conferencia de prensa, la funcionaria explic\u00f3 que, con corte al 1 de mayo, en el estado se han acumulado 162.5 mil\u00edmetros de lluvia, lo que representa apenas el 52 por ciento del promedio hist\u00f3rico para esta fecha, que es de 320.8 mil\u00edmetros.<\/p>\n<p>\u201cEstamos como el segundo a\u00f1o m\u00e1s seco desde 1981\u201d, indic\u00f3, y agreg\u00f3 que el a\u00f1o m\u00e1s seco registrado fue 2019, cuando se reportaron 157.8 mil\u00edmetros de precipitaci\u00f3n en el mismo periodo.<\/p>\n<p>Condiciones de sequ\u00eda en la entidad<\/p>\n<p>Jessica Luna detall\u00f3 que, a pesar de la baja en lluvias, se mantienen 22 municipios veracruzanos con alg\u00fan grado de sequ\u00eda, seg\u00fan el reporte m\u00e1s reciente del Servicio Meteorol\u00f3gico Nacional (SMN).<\/p>\n<p>Aclar\u00f3 que, aunque las condiciones en 2025 son diferentes a las de 2024 \u2014cuando se registr\u00f3 un mayor n\u00famero de municipios en sequ\u00eda\u2014, se prev\u00e9 que esta cifra podr\u00eda aumentar en el corte correspondiente al 30 de abril.<\/p>\n<p>Para clasificar los niveles de sequ\u00eda, se consideran factores como los \u00edndices de vegetaci\u00f3n, humedad del suelo, niveles de presas y caudales de r\u00edos.<\/p>\n","protected":false},"excerpt":{"rendered":"<p>El a\u00f1o 2025 se perfila como el segundo m\u00e1s seco en Veracruz desde 1981, inform\u00f3 la jefa de Hidrometeorolog\u00eda del Organismo de Cuenca Golfo-Centro de la Comisi\u00f3n Nacional del Agua (Conagua), Jessica Luna Lagunes. En conferencia de prensa, la funcionaria explic\u00f3 que, con corte al 1 de mayo, en el estado se han acumulado 162.5 [&hellip;]<\/p>\n","protected":false},"author":4,"featured_media":55743,"comment_status":"closed","ping_status":"closed","sticky":false,"template":"","format":"standard","meta":{"_jetpack_newsletter_access":"","_jetpack_dont_email_post_to_subs":false,"_jetpack_newsletter_tier_id":0,"_jetpack_memberships_contains_paywalled_content":false,"_jetpack_feature_clip_id":0,"_jetpack_memberships_contains_paid_content":false,"footnotes":"","jetpack_publicize_message":"","jetpack_publicize_feature_enabled":true,"jetpack_social_post_already_shared":true,"jetpack_social_options":{"image_generator_settings":{"template":"highway","default_image_id":0,"font":"","enabled":false},"version":2},"jetpack_post_was_ever_published":false},"categories":[356],"tags":[],"class_list":["post-55742","post","type-post","status-publish","format-standard","has-post-thumbnail","hentry","category-veracruz"],"jetpack_publicize_connections":[],"jetpack_sharing_enabled":true,"publishpress_future_action":{"enabled":false,"date":"2026-09-07 06:25:27","action":"change-status","newStatus":"draft","terms":[],"taxonomy":"category","extraData":[]},"publishpress_future_workflow_manual_trigger":{"enabledWorkflows":[]},"jetpack_featured_media_url":"https:\/\/noticiasveracruz.com\/wp-content\/uploads\/2025\/05\/10b.jpg","_links":{"self":[{"href":"https:\/\/noticiasveracruz.com\/index.php\/wp-json\/wp\/v2\/posts\/55742","targetHints":{"allow":["GET"]}}],"collection":[{"href":"https:\/\/noticiasveracruz.com\/index.php\/wp-json\/wp\/v2\/posts"}],"about":[{"href":"https:\/\/noticiasveracruz.com\/index.php\/wp-json\/wp\/v2\/types\/post"}],"author":[{"embeddable":true,"href":"https:\/\/noticiasveracruz.com\/index.php\/wp-json\/wp\/v2\/users\/4"}],"replies":[{"embeddable":true,"href":"https:\/\/noticiasveracruz.com\/index.php\/wp-json\/wp\/v2\/comments?post=55742"}],"version-history":[{"count":0,"href":"https:\/\/noticiasveracruz.com\/index.php\/wp-json\/wp\/v2\/posts\/55742\/revisions"}],"wp:featuredmedia":[{"embeddable":true,"href":"https:\/\/noticiasveracruz.com\/index.php\/wp-json\/wp\/v2\/media\/55743"}],"wp:attachment":[{"href":"https:\/\/noticiasveracruz.com\/index.php\/wp-json\/wp\/v2\/media?parent=55742"}],"wp:term":[{"taxonomy":"category","embeddable":true,"href":"https:\/\/noticiasveracruz.com\/index.php\/wp-json\/wp\/v2\/categories?post=55742"},{"taxonomy":"post_tag","embeddable":true,"href":"https:\/\/noticiasveracruz.com\/index.php\/wp-json\/wp\/v2\/tags?post=55742"}],"curies":[{"name":"wp","href":"https:\/\/api.w.org\/{rel}","templated":true}]}}