{"id":55650,"date":"2025-05-02T00:02:40","date_gmt":"2025-05-02T06:02:40","guid":{"rendered":"https:\/\/noticiasveracruz.com\/?p=55650"},"modified":"2025-05-01T21:27:22","modified_gmt":"2025-05-02T03:27:22","slug":"llaman-a-unirse-a-la-semana-de-vacunacion","status":"publish","type":"post","link":"https:\/\/noticiasveracruz.com\/index.php\/2025\/05\/02\/llaman-a-unirse-a-la-semana-de-vacunacion\/","title":{"rendered":"Llaman a unirse a la Semana de Vacunaci\u00f3n"},"content":{"rendered":"<p>En el marco de la Primera Semana Nacional de Vacunaci\u00f3n, el Gobierno de Veracruz hace un llamado a la poblaci\u00f3n para acudir a las unidades m\u00e9dicas y recibir, de forma gratuita, la inmunizaci\u00f3n contra enfermedades como tuberculosis, sarampi\u00f3n, rub\u00e9ola, tosferina, poliomielitis, t\u00e9tanos, difteria, hepatitis B, influenza y COVID-19.<\/p>\n<p>Contar con un esquema completo es esencial para proteger la salud individual y cortar las cadenas de transmisi\u00f3n en la comunidad. Las dosis est\u00e1n disponibles en hospitales, centros de salud y m\u00f3dulos itinerantes de las 11 jurisdicciones sanitarias del estado.<\/p>\n<p>Tras los primeros cuatro d\u00edas de campa\u00f1a, la Secretar\u00eda de Salud dispone 433 mil 892 biol\u00f3gicos para prevenir hasta 20 enfermedades y, en coordinaci\u00f3n con el IMSS-Bienestar, intensifica su aplicaci\u00f3n con el objetivo de reducir riesgos de brotes.<\/p>\n<p>Las personas interesadas solo deben acudir con su Cartilla Nacional de Salud; en caso de no contar con ella, el personal m\u00e9dico brindar\u00e1 orientaci\u00f3n. Aunque la Semana Nacional de Vacunaci\u00f3n concluye el s\u00e1bado 03 de mayo, la campa\u00f1a es permanente.<\/p>\n<p>Vacunarse es salud, es una estrategia nacional dirigida a ni\u00f1as y ni\u00f1os menores de 5 a\u00f1os, adolescentes, mujeres embarazadas, personas adultas mayores y grupos en situaci\u00f3n de riesgo, as\u00ed como el personal de salud.<\/p>\n","protected":false},"excerpt":{"rendered":"<p>En el marco de la Primera Semana Nacional de Vacunaci\u00f3n, el Gobierno de Veracruz hace un llamado a la poblaci\u00f3n para acudir a las unidades m\u00e9dicas y recibir, de forma gratuita, la inmunizaci\u00f3n contra enfermedades como tuberculosis, sarampi\u00f3n, rub\u00e9ola, tosferina, poliomielitis, t\u00e9tanos, difteria, hepatitis B, influenza y COVID-19. Contar con un esquema completo es esencial [&hellip;]<\/p>\n","protected":false},"author":4,"featured_media":55651,"comment_status":"closed","ping_status":"closed","sticky":false,"template":"","format":"standard","meta":{"_jetpack_newsletter_access":"","_jetpack_dont_email_post_to_subs":false,"_jetpack_newsletter_tier_id":0,"_jetpack_memberships_contains_paywalled_content":false,"_jetpack_feature_clip_id":0,"_jetpack_memberships_contains_paid_content":false,"footnotes":"","jetpack_publicize_message":"","jetpack_publicize_feature_enabled":true,"jetpack_social_post_already_shared":true,"jetpack_social_options":{"image_generator_settings":{"template":"highway","default_image_id":0,"font":"","enabled":false},"version":2},"jetpack_post_was_ever_published":false},"categories":[356],"tags":[],"class_list":["post-55650","post","type-post","status-publish","format-standard","has-post-thumbnail","hentry","category-veracruz"],"jetpack_publicize_connections":[],"jetpack_sharing_enabled":true,"publishpress_future_action":{"enabled":false,"date":"2026-09-07 10:56:26","action":"change-status","newStatus":"draft","terms":[],"taxonomy":"category","extraData":[]},"publishpress_future_workflow_manual_trigger":{"enabledWorkflows":[]},"jetpack_featured_media_url":"https:\/\/noticiasveracruz.com\/wp-content\/uploads\/2025\/05\/9b-scaled.jpg","_links":{"self":[{"href":"https:\/\/noticiasveracruz.com\/index.php\/wp-json\/wp\/v2\/posts\/55650","targetHints":{"allow":["GET"]}}],"collection":[{"href":"https:\/\/noticiasveracruz.com\/index.php\/wp-json\/wp\/v2\/posts"}],"about":[{"href":"https:\/\/noticiasveracruz.com\/index.php\/wp-json\/wp\/v2\/types\/post"}],"author":[{"embeddable":true,"href":"https:\/\/noticiasveracruz.com\/index.php\/wp-json\/wp\/v2\/users\/4"}],"replies":[{"embeddable":true,"href":"https:\/\/noticiasveracruz.com\/index.php\/wp-json\/wp\/v2\/comments?post=55650"}],"version-history":[{"count":0,"href":"https:\/\/noticiasveracruz.com\/index.php\/wp-json\/wp\/v2\/posts\/55650\/revisions"}],"wp:featuredmedia":[{"embeddable":true,"href":"https:\/\/noticiasveracruz.com\/index.php\/wp-json\/wp\/v2\/media\/55651"}],"wp:attachment":[{"href":"https:\/\/noticiasveracruz.com\/index.php\/wp-json\/wp\/v2\/media?parent=55650"}],"wp:term":[{"taxonomy":"category","embeddable":true,"href":"https:\/\/noticiasveracruz.com\/index.php\/wp-json\/wp\/v2\/categories?post=55650"},{"taxonomy":"post_tag","embeddable":true,"href":"https:\/\/noticiasveracruz.com\/index.php\/wp-json\/wp\/v2\/tags?post=55650"}],"curies":[{"name":"wp","href":"https:\/\/api.w.org\/{rel}","templated":true}]}}