{"id":55647,"date":"2025-05-02T00:01:41","date_gmt":"2025-05-02T06:01:41","guid":{"rendered":"https:\/\/noticiasveracruz.com\/?p=55647"},"modified":"2025-05-01T21:25:20","modified_gmt":"2025-05-02T03:25:20","slug":"regresa-ramos-alor-al-sector-salud","status":"publish","type":"post","link":"https:\/\/noticiasveracruz.com\/index.php\/2025\/05\/02\/regresa-ramos-alor-al-sector-salud\/","title":{"rendered":"Regresa Ramos Alor al sector salud"},"content":{"rendered":"<p>Pese a las controversias que marcaron su paso por la Secretar\u00eda de Salud de Veracruz, el doctor Roberto Ramos Alor ser\u00e1 designado como nuevo coordinador estatal del programa IMSS Bienestar, en relevo de Romana Guti\u00e9rrez Polo.<\/p>\n<p>Su nombramiento ha generado opiniones encontradas, especialmente por los antecedentes que arrastra el m\u00e9dico originario de Coatzacoalcos.<\/p>\n<p>Ramos Alor, quien actualmente funge como diputado federal por el distrito XI, deber\u00e1 solicitar licencia en la C\u00e1mara de Diputados para asumir esta nueva responsabilidad.<\/p>\n<p>Durante el gobierno de Cuitl\u00e1huac Garc\u00eda, encabez\u00f3 el sistema de salud estatal durante el arranque de la pandemia por COVID-19, una etapa marcada por se\u00f1alamientos de desorganizaci\u00f3n, presunto desv\u00edo de recursos y nepotismo dentro de la dependencia.<\/p>\n<p>Uno de los episodios m\u00e1s criticados de su gesti\u00f3n fue la prometida rehabilitaci\u00f3n del Hospital Regional \u201cValent\u00edn G\u00f3mez Far\u00edas\u201d en Coatzacoalcos.<\/p>\n<p>En 2019, el entonces secretario anunci\u00f3 una inversi\u00f3n de 17 millones de pesos para convertirlo en una unidad m\u00e9dica moderna y funcional.<\/p>\n<p>No obstante, gran parte de las mejoras anunciadas quedaron en el discurso. La obra m\u00e1s visible fue el \u00e1rea techada para familiares que a decir de los derechohabientes termin\u00f3 siendo una estructura deficiente, adem\u00e1s no se pudo solucionar el problema en el camell\u00f3n central de la avenida Ju\u00e1rez.<\/p>\n<p>El regreso de Ramos Alor al sector salud no solo representa un movimiento estrat\u00e9gico dentro del gobierno federal, sino tambi\u00e9n una serie de cambios pol\u00edticos a nivel local.<\/p>\n<p>Enrique Villegas, primer regidor del Ayuntamiento de Coatzacoalcos, tomar\u00e1 su lugar en San L\u00e1zaro como diputado suplente, y el periodista Roberto P\u00e9rez L\u00f3pez ocupar\u00e1 provisionalmente el cargo de regidor, quien actualmente es comisionado de la CEAPP en la zona sur.<\/p>\n<p>La designaci\u00f3n ocurre en un momento clave para el sistema de salud en Veracruz, donde se busca consolidar un modelo de atenci\u00f3n m\u00e9dica universal, aunado a la puesta en marcha del hospital Materno Infantil.<\/p>\n","protected":false},"excerpt":{"rendered":"<p>Pese a las controversias que marcaron su paso por la Secretar\u00eda de Salud de Veracruz, el doctor Roberto Ramos Alor ser\u00e1 designado como nuevo coordinador estatal del programa IMSS Bienestar, en relevo de Romana Guti\u00e9rrez Polo. Su nombramiento ha generado opiniones encontradas, especialmente por los antecedentes que arrastra el m\u00e9dico originario de Coatzacoalcos. Ramos Alor, [&hellip;]<\/p>\n","protected":false},"author":4,"featured_media":55648,"comment_status":"closed","ping_status":"closed","sticky":false,"template":"","format":"standard","meta":{"_jetpack_newsletter_access":"","_jetpack_dont_email_post_to_subs":false,"_jetpack_newsletter_tier_id":0,"_jetpack_memberships_contains_paywalled_content":false,"_jetpack_feature_clip_id":0,"_jetpack_memberships_contains_paid_content":false,"footnotes":"","jetpack_publicize_message":"","jetpack_publicize_feature_enabled":true,"jetpack_social_post_already_shared":true,"jetpack_social_options":{"image_generator_settings":{"template":"highway","default_image_id":0,"font":"","enabled":false},"version":2},"jetpack_post_was_ever_published":false},"categories":[356],"tags":[],"class_list":["post-55647","post","type-post","status-publish","format-standard","has-post-thumbnail","hentry","category-veracruz"],"jetpack_publicize_connections":[],"jetpack_sharing_enabled":true,"publishpress_future_action":{"enabled":false,"date":"2026-09-07 10:56:45","action":"change-status","newStatus":"draft","terms":[],"taxonomy":"category","extraData":[]},"publishpress_future_workflow_manual_trigger":{"enabledWorkflows":[]},"jetpack_featured_media_url":"https:\/\/noticiasveracruz.com\/wp-content\/uploads\/2025\/05\/9c1.jpg","_links":{"self":[{"href":"https:\/\/noticiasveracruz.com\/index.php\/wp-json\/wp\/v2\/posts\/55647","targetHints":{"allow":["GET"]}}],"collection":[{"href":"https:\/\/noticiasveracruz.com\/index.php\/wp-json\/wp\/v2\/posts"}],"about":[{"href":"https:\/\/noticiasveracruz.com\/index.php\/wp-json\/wp\/v2\/types\/post"}],"author":[{"embeddable":true,"href":"https:\/\/noticiasveracruz.com\/index.php\/wp-json\/wp\/v2\/users\/4"}],"replies":[{"embeddable":true,"href":"https:\/\/noticiasveracruz.com\/index.php\/wp-json\/wp\/v2\/comments?post=55647"}],"version-history":[{"count":0,"href":"https:\/\/noticiasveracruz.com\/index.php\/wp-json\/wp\/v2\/posts\/55647\/revisions"}],"wp:featuredmedia":[{"embeddable":true,"href":"https:\/\/noticiasveracruz.com\/index.php\/wp-json\/wp\/v2\/media\/55648"}],"wp:attachment":[{"href":"https:\/\/noticiasveracruz.com\/index.php\/wp-json\/wp\/v2\/media?parent=55647"}],"wp:term":[{"taxonomy":"category","embeddable":true,"href":"https:\/\/noticiasveracruz.com\/index.php\/wp-json\/wp\/v2\/categories?post=55647"},{"taxonomy":"post_tag","embeddable":true,"href":"https:\/\/noticiasveracruz.com\/index.php\/wp-json\/wp\/v2\/tags?post=55647"}],"curies":[{"name":"wp","href":"https:\/\/api.w.org\/{rel}","templated":true}]}}