{"id":55632,"date":"2025-04-30T13:35:28","date_gmt":"2025-04-30T19:35:28","guid":{"rendered":"https:\/\/noticiasveracruz.com\/?p=55632"},"modified":"2025-05-01T11:13:29","modified_gmt":"2025-05-01T17:13:29","slug":"el-sol-de-las-huastecas-5","status":"publish","type":"post","link":"https:\/\/noticiasveracruz.com\/index.php\/2025\/04\/30\/el-sol-de-las-huastecas-5\/","title":{"rendered":"EL SOL DE LAS HUASTECAS"},"content":{"rendered":"<p>\ud83c\udfac \ud83c\udfa4Amigos y amigas, los invitamos a ver NUESTRO PROGRAMA EL SOL DE LAS HUASTECAS conducido por \u00c1ngel \u00c1lvaro Pe\u00f1a y Maura Evelia Aguiar Jim\u00e9nez; acompa\u00f1ados por nuestro amigo Vicente Martinez&#8230; realizado por un equipo de profesionales, donde trataremos temas de actualidad en el mundo de la pol\u00edtica, el deporte, la cultura y m\u00e1s&#8230;<\/p>\n<div class=\"fb-video\" data-allowfullscreen=\"true\" data-href=\"https:\/\/www.facebook.com\/100054397973047\/videos\/1733157127307765\/\" style=\"background-color: #fff; display: inline-block;\"><\/div>\n","protected":false},"excerpt":{"rendered":"<p>\ud83c\udfac \ud83c\udfa4Amigos y amigas, los invitamos a ver NUESTRO PROGRAMA EL SOL DE LAS HUASTECAS conducido por \u00c1ngel \u00c1lvaro Pe\u00f1a y Maura Evelia Aguiar Jim\u00e9nez; acompa\u00f1ados por nuestro amigo Vicente Martinez&#8230; realizado por un equipo de profesionales, donde trataremos temas de actualidad en el mundo de la pol\u00edtica, el deporte, la cultura y m\u00e1s&#8230;<\/p>\n","protected":false},"author":4,"featured_media":55633,"comment_status":"closed","ping_status":"closed","sticky":false,"template":"","format":"standard","meta":{"_jetpack_newsletter_access":"","_jetpack_dont_email_post_to_subs":false,"_jetpack_newsletter_tier_id":0,"_jetpack_memberships_contains_paywalled_content":false,"_jetpack_feature_clip_id":0,"_jetpack_memberships_contains_paid_content":false,"footnotes":"","jetpack_publicize_message":"","jetpack_publicize_feature_enabled":true,"jetpack_social_post_already_shared":true,"jetpack_social_options":{"image_generator_settings":{"template":"highway","default_image_id":0,"font":"","enabled":false},"version":2},"jetpack_post_was_ever_published":false},"categories":[6],"tags":[],"class_list":["post-55632","post","type-post","status-publish","format-standard","has-post-thumbnail","hentry","category-columnistas"],"jetpack_publicize_connections":[],"jetpack_sharing_enabled":true,"publishpress_future_action":{"enabled":false,"date":"2026-09-07 12:17:48","action":"change-status","newStatus":"draft","terms":[],"taxonomy":"category","extraData":[]},"publishpress_future_workflow_manual_trigger":{"enabledWorkflows":[]},"jetpack_featured_media_url":"https:\/\/noticiasveracruz.com\/wp-content\/uploads\/2025\/05\/SH.jpg","_links":{"self":[{"href":"https:\/\/noticiasveracruz.com\/index.php\/wp-json\/wp\/v2\/posts\/55632","targetHints":{"allow":["GET"]}}],"collection":[{"href":"https:\/\/noticiasveracruz.com\/index.php\/wp-json\/wp\/v2\/posts"}],"about":[{"href":"https:\/\/noticiasveracruz.com\/index.php\/wp-json\/wp\/v2\/types\/post"}],"author":[{"embeddable":true,"href":"https:\/\/noticiasveracruz.com\/index.php\/wp-json\/wp\/v2\/users\/4"}],"replies":[{"embeddable":true,"href":"https:\/\/noticiasveracruz.com\/index.php\/wp-json\/wp\/v2\/comments?post=55632"}],"version-history":[{"count":0,"href":"https:\/\/noticiasveracruz.com\/index.php\/wp-json\/wp\/v2\/posts\/55632\/revisions"}],"wp:featuredmedia":[{"embeddable":true,"href":"https:\/\/noticiasveracruz.com\/index.php\/wp-json\/wp\/v2\/media\/55633"}],"wp:attachment":[{"href":"https:\/\/noticiasveracruz.com\/index.php\/wp-json\/wp\/v2\/media?parent=55632"}],"wp:term":[{"taxonomy":"category","embeddable":true,"href":"https:\/\/noticiasveracruz.com\/index.php\/wp-json\/wp\/v2\/categories?post=55632"},{"taxonomy":"post_tag","embeddable":true,"href":"https:\/\/noticiasveracruz.com\/index.php\/wp-json\/wp\/v2\/tags?post=55632"}],"curies":[{"name":"wp","href":"https:\/\/api.w.org\/{rel}","templated":true}]}}