{"id":55514,"date":"2025-04-30T01:08:16","date_gmt":"2025-04-30T07:08:16","guid":{"rendered":"https:\/\/noticiasveracruz.com\/?p=55514"},"modified":"2025-04-30T01:08:16","modified_gmt":"2025-04-30T07:08:16","slug":"gobierno-se-suma-al-primer-simulacro-nacional-2025","status":"publish","type":"post","link":"https:\/\/noticiasveracruz.com\/index.php\/2025\/04\/30\/gobierno-se-suma-al-primer-simulacro-nacional-2025\/","title":{"rendered":"Gobierno se suma al Primer Simulacro Nacional 2025"},"content":{"rendered":"<p>En punto de las 11:30 horas de este martes, el Gobierno de Veracruz se sum\u00f3 al Primer Simulacro Nacional 2025, con la participaci\u00f3n de casi medio mill\u00f3n de personas registradas en 4 mil 13 inmuebles, as\u00ed como en los 212 municipios.<\/p>\n<p>Bajo la hip\u00f3tesis de un sismo de magnitud 8.1 con epicentro en el Golfo de Tehuantepec, se llevaron a cabo acciones de evacuaci\u00f3n, revisi\u00f3n de la integridad estructural de edificios, atenci\u00f3n m\u00e9dica ante posibles lesiones y acompa\u00f1amiento con primeros auxilios psicol\u00f3gicos, lo que permiti\u00f3 evaluar la efectividad de los planes establecidos.<\/p>\n<p>El ejercicio se desarroll\u00f3 sin incidentes en 608 instalaciones de la administraci\u00f3n p\u00fablica estatal, que durante este mes revisaron y ajustaron sus protocolos de emergencia para llevarlos a la pr\u00e1ctica.<\/p>\n<p>Como parte de esta preparaci\u00f3n, la Secretar\u00eda de Protecci\u00f3n Civil (PC) brind\u00f3 capacitaci\u00f3n y acompa\u00f1amiento a diversas instituciones mediante video cursos y conferencias virtuales, adem\u00e1s de acercar a la poblaci\u00f3n estrategias b\u00e1sicas como el Plan Familiar de Protecci\u00f3n Civil y la Mochila de Emergencia.<\/p>\n<p>El objetivo principal es concientizar y preparar a la ciudadan\u00eda para actuar de forma adecuada ante una situaci\u00f3n de emergencia real, subrayando la importancia de contar con se\u00f1al\u00e9tica clara, rutas de evacuaci\u00f3n definidas y equipos de prevenci\u00f3n en cada inmueble.<\/p>\n<p>La participaci\u00f3n activa de la poblaci\u00f3n es clave para fortalecer la cultura de la prevenci\u00f3n y reducir riesgos, no solo en esta fecha, sino a lo largo del a\u00f1o.<\/p>\n","protected":false},"excerpt":{"rendered":"<p>En punto de las 11:30 horas de este martes, el Gobierno de Veracruz se sum\u00f3 al Primer Simulacro Nacional 2025, con la participaci\u00f3n de casi medio mill\u00f3n de personas registradas en 4 mil 13 inmuebles, as\u00ed como en los 212 municipios. Bajo la hip\u00f3tesis de un sismo de magnitud 8.1 con epicentro en el Golfo [&hellip;]<\/p>\n","protected":false},"author":4,"featured_media":55515,"comment_status":"closed","ping_status":"closed","sticky":false,"template":"","format":"standard","meta":{"_jetpack_newsletter_access":"","_jetpack_dont_email_post_to_subs":false,"_jetpack_newsletter_tier_id":0,"_jetpack_memberships_contains_paywalled_content":false,"_jetpack_feature_clip_id":0,"_jetpack_memberships_contains_paid_content":false,"footnotes":"","jetpack_publicize_message":"","jetpack_publicize_feature_enabled":true,"jetpack_social_post_already_shared":true,"jetpack_social_options":{"image_generator_settings":{"template":"highway","default_image_id":0,"font":"","enabled":false},"version":2},"jetpack_post_was_ever_published":false},"categories":[356],"tags":[],"class_list":["post-55514","post","type-post","status-publish","format-standard","has-post-thumbnail","hentry","category-veracruz"],"jetpack_publicize_connections":[],"jetpack_sharing_enabled":true,"publishpress_future_action":{"enabled":false,"date":"2026-09-07 10:56:46","action":"change-status","newStatus":"draft","terms":[],"taxonomy":"category","extraData":[]},"publishpress_future_workflow_manual_trigger":{"enabledWorkflows":[]},"jetpack_featured_media_url":"https:\/\/noticiasveracruz.com\/wp-content\/uploads\/2025\/04\/9b-15.jpg","_links":{"self":[{"href":"https:\/\/noticiasveracruz.com\/index.php\/wp-json\/wp\/v2\/posts\/55514","targetHints":{"allow":["GET"]}}],"collection":[{"href":"https:\/\/noticiasveracruz.com\/index.php\/wp-json\/wp\/v2\/posts"}],"about":[{"href":"https:\/\/noticiasveracruz.com\/index.php\/wp-json\/wp\/v2\/types\/post"}],"author":[{"embeddable":true,"href":"https:\/\/noticiasveracruz.com\/index.php\/wp-json\/wp\/v2\/users\/4"}],"replies":[{"embeddable":true,"href":"https:\/\/noticiasveracruz.com\/index.php\/wp-json\/wp\/v2\/comments?post=55514"}],"version-history":[{"count":0,"href":"https:\/\/noticiasveracruz.com\/index.php\/wp-json\/wp\/v2\/posts\/55514\/revisions"}],"wp:featuredmedia":[{"embeddable":true,"href":"https:\/\/noticiasveracruz.com\/index.php\/wp-json\/wp\/v2\/media\/55515"}],"wp:attachment":[{"href":"https:\/\/noticiasveracruz.com\/index.php\/wp-json\/wp\/v2\/media?parent=55514"}],"wp:term":[{"taxonomy":"category","embeddable":true,"href":"https:\/\/noticiasveracruz.com\/index.php\/wp-json\/wp\/v2\/categories?post=55514"},{"taxonomy":"post_tag","embeddable":true,"href":"https:\/\/noticiasveracruz.com\/index.php\/wp-json\/wp\/v2\/tags?post=55514"}],"curies":[{"name":"wp","href":"https:\/\/api.w.org\/{rel}","templated":true}]}}