{"id":55508,"date":"2025-04-30T01:06:06","date_gmt":"2025-04-30T07:06:06","guid":{"rendered":"https:\/\/noticiasveracruz.com\/?p=55508"},"modified":"2025-04-30T01:06:06","modified_gmt":"2025-04-30T07:06:06","slug":"continuan-acciones-previas-a-entrega-recepcion-en-municipios","status":"publish","type":"post","link":"https:\/\/noticiasveracruz.com\/index.php\/2025\/04\/30\/continuan-acciones-previas-a-entrega-recepcion-en-municipios\/","title":{"rendered":"Contin\u00faan acciones previas a entrega-recepci\u00f3n en municipios"},"content":{"rendered":"<p>El Congreso de Veracruz, en colaboraci\u00f3n con el \u00d3rgano de Fiscalizaci\u00f3n Superior del estado (Orfis), finaliz\u00f3 la elaboraci\u00f3n de la Gu\u00eda del Proceso de Entrega y Recepci\u00f3n de la Administraci\u00f3n Municipal 2022 \u2013 2025, en observancia a lo establecido en el Art\u00edculo 4\u00b0 de la Ley para la Entrega y Recepci\u00f3n del Poder Ejecutivo y la Administraci\u00f3n P\u00fablica Municipal.<\/p>\n<p>En una reuni\u00f3n, la secretaria de Fiscalizaci\u00f3n, Alma Leticia Pati\u00f1o Gabriel, dio a conocer a la auditora general del Orfis, Delia Gonz\u00e1lez Cobos, las revisiones realizadas tanto a la Gu\u00eda, que incluye dentro de sus apartados los Lineamientos para el Cierre de Operaciones Municipales 2025, como al plan de trabajo, y que, cuando est\u00e9 completa la edici\u00f3n de \u00e9ste, se publicar\u00e1 en las p\u00e1ginas oficiales del Congreso y del \u00f3rgano fiscalizador.<\/p>\n<p>Los trabajos fueron coordinados por la secretaria de Fiscalizaci\u00f3n y la realizaci\u00f3n estuvo a cargo del director de Participaci\u00f3n Ciudadana y Fortalecimiento de la Gesti\u00f3n P\u00fablica, Pablo Herrera Romero; de la jefa del Departamento de Fortalecimiento de la Gesti\u00f3n P\u00fablica y Profesionalizaci\u00f3n Interna, Alma Dely Beltr\u00e1n Gonz\u00e1lez, y del jefe del Departamento de Capacitaci\u00f3n, Asesor\u00eda, Revisi\u00f3n y Supervisi\u00f3n a Municipios, Juan Carlos Pati\u00f1o P\u00e9rez.<\/p>\n","protected":false},"excerpt":{"rendered":"<p>El Congreso de Veracruz, en colaboraci\u00f3n con el \u00d3rgano de Fiscalizaci\u00f3n Superior del estado (Orfis), finaliz\u00f3 la elaboraci\u00f3n de la Gu\u00eda del Proceso de Entrega y Recepci\u00f3n de la Administraci\u00f3n Municipal 2022 \u2013 2025, en observancia a lo establecido en el Art\u00edculo 4\u00b0 de la Ley para la Entrega y Recepci\u00f3n del Poder Ejecutivo y [&hellip;]<\/p>\n","protected":false},"author":4,"featured_media":55509,"comment_status":"closed","ping_status":"closed","sticky":false,"template":"","format":"standard","meta":{"_jetpack_newsletter_access":"","_jetpack_dont_email_post_to_subs":false,"_jetpack_newsletter_tier_id":0,"_jetpack_memberships_contains_paywalled_content":false,"_jetpack_feature_clip_id":0,"_jetpack_memberships_contains_paid_content":false,"footnotes":"","jetpack_publicize_message":"","jetpack_publicize_feature_enabled":true,"jetpack_social_post_already_shared":true,"jetpack_social_options":{"image_generator_settings":{"template":"highway","default_image_id":0,"font":"","enabled":false},"version":2},"jetpack_post_was_ever_published":false},"categories":[356],"tags":[],"class_list":["post-55508","post","type-post","status-publish","format-standard","has-post-thumbnail","hentry","category-veracruz"],"jetpack_publicize_connections":[],"jetpack_sharing_enabled":true,"publishpress_future_action":{"enabled":false,"date":"2026-09-08 14:57:56","action":"change-status","newStatus":"draft","terms":[],"taxonomy":"category","extraData":[]},"publishpress_future_workflow_manual_trigger":{"enabledWorkflows":[]},"jetpack_featured_media_url":"https:\/\/noticiasveracruz.com\/wp-content\/uploads\/2025\/04\/8b-3.jpg","_links":{"self":[{"href":"https:\/\/noticiasveracruz.com\/index.php\/wp-json\/wp\/v2\/posts\/55508","targetHints":{"allow":["GET"]}}],"collection":[{"href":"https:\/\/noticiasveracruz.com\/index.php\/wp-json\/wp\/v2\/posts"}],"about":[{"href":"https:\/\/noticiasveracruz.com\/index.php\/wp-json\/wp\/v2\/types\/post"}],"author":[{"embeddable":true,"href":"https:\/\/noticiasveracruz.com\/index.php\/wp-json\/wp\/v2\/users\/4"}],"replies":[{"embeddable":true,"href":"https:\/\/noticiasveracruz.com\/index.php\/wp-json\/wp\/v2\/comments?post=55508"}],"version-history":[{"count":0,"href":"https:\/\/noticiasveracruz.com\/index.php\/wp-json\/wp\/v2\/posts\/55508\/revisions"}],"wp:featuredmedia":[{"embeddable":true,"href":"https:\/\/noticiasveracruz.com\/index.php\/wp-json\/wp\/v2\/media\/55509"}],"wp:attachment":[{"href":"https:\/\/noticiasveracruz.com\/index.php\/wp-json\/wp\/v2\/media?parent=55508"}],"wp:term":[{"taxonomy":"category","embeddable":true,"href":"https:\/\/noticiasveracruz.com\/index.php\/wp-json\/wp\/v2\/categories?post=55508"},{"taxonomy":"post_tag","embeddable":true,"href":"https:\/\/noticiasveracruz.com\/index.php\/wp-json\/wp\/v2\/tags?post=55508"}],"curies":[{"name":"wp","href":"https:\/\/api.w.org\/{rel}","templated":true}]}}