{"id":55483,"date":"2025-04-28T23:17:52","date_gmt":"2025-04-29T05:17:52","guid":{"rendered":"https:\/\/noticiasveracruz.com\/?p=55483"},"modified":"2025-04-28T23:17:52","modified_gmt":"2025-04-29T05:17:52","slug":"desfiles-del-carnaval-tuxpan-2025-seran-del-puente-tuxpan-a-la-calle-francisco-murguia-2-cuadras-antes-del-sector-naval","status":"publish","type":"post","link":"https:\/\/noticiasveracruz.com\/index.php\/2025\/04\/28\/desfiles-del-carnaval-tuxpan-2025-seran-del-puente-tuxpan-a-la-calle-francisco-murguia-2-cuadras-antes-del-sector-naval\/","title":{"rendered":"Desfiles del Carnaval Tuxpan 2025 ser\u00e1n del puente Tuxpan a la calle Francisco Murgu\u00eda, 2 cuadras antes del Sector Naval"},"content":{"rendered":"<p>Tuxpan, Ver., 28 de abril de 2025.- El alcalde Dr. Jes\u00fas Fomperoza Torres y el Comit\u00e9 de Carnaval Tuxpan 2025 informan que, debido a los trabajos que realiza CAEV y SIOP en el bulevar, a la altura de la calle Morelos, se tom\u00f3 la determinaci\u00f3n de cambiar la ruta de los paseos por seguridad de participantes y asistentes.<\/p>\n<p><img loading=\"lazy\" decoding=\"async\" class=\"alignnone size-medium wp-image-55485\" src=\"http:\/\/noticiasveracruz.com\/wp-content\/uploads\/2025\/04\/WhatsApp-Image-2025-04-28-at-16.23.21-2-300x240.jpeg\" alt=\"\" width=\"300\" height=\"240\" srcset=\"https:\/\/noticiasveracruz.com\/wp-content\/uploads\/2025\/04\/WhatsApp-Image-2025-04-28-at-16.23.21-2-300x240.jpeg 300w, https:\/\/noticiasveracruz.com\/wp-content\/uploads\/2025\/04\/WhatsApp-Image-2025-04-28-at-16.23.21-2-1024x819.jpeg 1024w, https:\/\/noticiasveracruz.com\/wp-content\/uploads\/2025\/04\/WhatsApp-Image-2025-04-28-at-16.23.21-2-768x614.jpeg 768w, https:\/\/noticiasveracruz.com\/wp-content\/uploads\/2025\/04\/WhatsApp-Image-2025-04-28-at-16.23.21-2-1536x1229.jpeg 1536w, https:\/\/noticiasveracruz.com\/wp-content\/uploads\/2025\/04\/WhatsApp-Image-2025-04-28-at-16.23.21-2.jpeg 1600w\" sizes=\"auto, (max-width: 300px) 100vw, 300px\" \/><\/p>\n<p>En rueda de prensa se dio a conocer que el nuevo recorrido ser\u00e1 del puente Tuxpan a la calle Francisco Murgu\u00eda, dos cuadras antes del Sector Naval. El palco de honor se ubicar\u00e1 a la altura de la avenida Central, junto a la Escuela Secundaria T\u00e9cnica 2.<\/p>\n<p><img loading=\"lazy\" decoding=\"async\" class=\"alignnone size-medium wp-image-55486\" src=\"http:\/\/noticiasveracruz.com\/wp-content\/uploads\/2025\/04\/WhatsApp-Image-2025-04-28-at-16.23.21-300x200.jpeg\" alt=\"\" width=\"300\" height=\"200\" srcset=\"https:\/\/noticiasveracruz.com\/wp-content\/uploads\/2025\/04\/WhatsApp-Image-2025-04-28-at-16.23.21-300x200.jpeg 300w, https:\/\/noticiasveracruz.com\/wp-content\/uploads\/2025\/04\/WhatsApp-Image-2025-04-28-at-16.23.21-1024x681.jpeg 1024w, https:\/\/noticiasveracruz.com\/wp-content\/uploads\/2025\/04\/WhatsApp-Image-2025-04-28-at-16.23.21-768x511.jpeg 768w, https:\/\/noticiasveracruz.com\/wp-content\/uploads\/2025\/04\/WhatsApp-Image-2025-04-28-at-16.23.21-1536x1021.jpeg 1536w, https:\/\/noticiasveracruz.com\/wp-content\/uploads\/2025\/04\/WhatsApp-Image-2025-04-28-at-16.23.21.jpeg 1600w\" sizes=\"auto, (max-width: 300px) 100vw, 300px\" \/><\/p>\n<p>Se contempla el uso del carril norte del bulevar, solo en el tramo del puente Tuxpan al hotel Courtyard. A partir de ah\u00ed, las comparsas y carros aleg\u00f3ricos desfilar\u00e1n por en el carril del malec\u00f3n, como tradicionalmente se hace.<\/p>\n<p>El viernes 2 de mayo el primer paseo de carnaval iniciar\u00e1 en el puente Tuxpan.<\/p>\n<p>El 3 de mayo partir\u00e1 de las inmediaciones del Sector Naval hacia la zona centro.<\/p>\n<p>El \u00faltimo desfile del carnaval, el d\u00eda 4 de mayo, volver\u00e1 a iniciar en el puente Tuxpan.<\/p>\n<p>Se tiene programado que los desfiles inicien a las 18:00 horas.<\/p>\n<p>En el mismo evento se hizo la presentaci\u00f3n de la Corte Real del Carnaval Tuxpan 2025.<\/p>\n","protected":false},"excerpt":{"rendered":"<p>Tuxpan, Ver., 28 de abril de 2025.- El alcalde Dr. Jes\u00fas Fomperoza Torres y el Comit\u00e9 de Carnaval Tuxpan 2025 informan que, debido a los trabajos que realiza CAEV y SIOP en el bulevar, a la altura de la calle Morelos, se tom\u00f3 la determinaci\u00f3n de cambiar la ruta de los paseos por seguridad de [&hellip;]<\/p>\n","protected":false},"author":4,"featured_media":55484,"comment_status":"closed","ping_status":"closed","sticky":false,"template":"","format":"standard","meta":{"_jetpack_newsletter_access":"","_jetpack_dont_email_post_to_subs":false,"_jetpack_newsletter_tier_id":0,"_jetpack_memberships_contains_paywalled_content":false,"_jetpack_feature_clip_id":0,"_jetpack_memberships_contains_paid_content":false,"footnotes":"","jetpack_publicize_message":"","jetpack_publicize_feature_enabled":true,"jetpack_social_post_already_shared":true,"jetpack_social_options":{"image_generator_settings":{"template":"highway","default_image_id":0,"font":"","enabled":false},"version":2},"jetpack_post_was_ever_published":false},"categories":[3372,356],"tags":[],"class_list":["post-55483","post","type-post","status-publish","format-standard","has-post-thumbnail","hentry","category-gobierno-tuxpan","category-veracruz"],"jetpack_publicize_connections":[],"jetpack_sharing_enabled":true,"publishpress_future_action":{"enabled":false,"date":"2026-09-07 19:33:50","action":"change-status","newStatus":"draft","terms":[],"taxonomy":"category","extraData":[]},"publishpress_future_workflow_manual_trigger":{"enabledWorkflows":[]},"jetpack_featured_media_url":"https:\/\/noticiasveracruz.com\/wp-content\/uploads\/2025\/04\/WhatsApp-Image-2025-04-28-at-16.23.21-1.jpeg","_links":{"self":[{"href":"https:\/\/noticiasveracruz.com\/index.php\/wp-json\/wp\/v2\/posts\/55483","targetHints":{"allow":["GET"]}}],"collection":[{"href":"https:\/\/noticiasveracruz.com\/index.php\/wp-json\/wp\/v2\/posts"}],"about":[{"href":"https:\/\/noticiasveracruz.com\/index.php\/wp-json\/wp\/v2\/types\/post"}],"author":[{"embeddable":true,"href":"https:\/\/noticiasveracruz.com\/index.php\/wp-json\/wp\/v2\/users\/4"}],"replies":[{"embeddable":true,"href":"https:\/\/noticiasveracruz.com\/index.php\/wp-json\/wp\/v2\/comments?post=55483"}],"version-history":[{"count":0,"href":"https:\/\/noticiasveracruz.com\/index.php\/wp-json\/wp\/v2\/posts\/55483\/revisions"}],"wp:featuredmedia":[{"embeddable":true,"href":"https:\/\/noticiasveracruz.com\/index.php\/wp-json\/wp\/v2\/media\/55484"}],"wp:attachment":[{"href":"https:\/\/noticiasveracruz.com\/index.php\/wp-json\/wp\/v2\/media?parent=55483"}],"wp:term":[{"taxonomy":"category","embeddable":true,"href":"https:\/\/noticiasveracruz.com\/index.php\/wp-json\/wp\/v2\/categories?post=55483"},{"taxonomy":"post_tag","embeddable":true,"href":"https:\/\/noticiasveracruz.com\/index.php\/wp-json\/wp\/v2\/tags?post=55483"}],"curies":[{"name":"wp","href":"https:\/\/api.w.org\/{rel}","templated":true}]}}