{"id":55430,"date":"2025-04-29T00:04:58","date_gmt":"2025-04-29T06:04:58","guid":{"rendered":"https:\/\/noticiasveracruz.com\/?p=55430"},"modified":"2025-04-28T20:27:40","modified_gmt":"2025-04-29T02:27:40","slug":"gn-atendio-322-personas-en-operativo-de-semana-santa","status":"publish","type":"post","link":"https:\/\/noticiasveracruz.com\/index.php\/2025\/04\/29\/gn-atendio-322-personas-en-operativo-de-semana-santa\/","title":{"rendered":"GN atendi\u00f3 322 personas en operativo de Semana Santa"},"content":{"rendered":"<p>De acuerdo con las autoridades de la Guardia Nacional y Ej\u00e9rcito Mexicano durante esta temporada vacacional de Semana Santa que reci\u00e9n termin\u00f3 se registr\u00f3 un saldo blanco en el operativo que ellos implementaron.<\/p>\n<p>Al respecto, el Teniente Coronel Intendente F\u00e9lix Antonio Fonseca Jim\u00e9nez, Subjefe de Estado Mayor de la 26\/a. Zona Militar, indic\u00f3 que los elementos que se coordinaron en el operativo de seguridad y protecci\u00f3n civil en la zona conurbada Veracruz-Boca del R\u00edo atendieron 322 situaciones, entre informaci\u00f3n, orientaci\u00f3n, atenci\u00f3n m\u00e9dica, b\u00fasqueda de menores extraviados y auxilios viales.<\/p>\n<p>\u00abSolamente hubo 6 asuntos de alg\u00fan auxilio adicional. Una persona que tuvo una luxaci\u00f3n. Tres personas que se acercaron a los elementos para solicitar apoyo porque perdieron a sus menores\u00bb, quienes fueron recuperados.<\/p>\n<p>En conferencia de prensa, el comandante dijo que la ciudadan\u00eda ha incrementado su confianza en la Guardia Nacional y en la Defensa Nacional, por lo que se acercan cada vez m\u00e1s a solicitar alg\u00fan apoyo.<\/p>\n<p>\u00abSe esforz\u00f3 con atenci\u00f3n en carreteras, estuvieron en m\u00f3dulos en todas las casetas de peaje, para exhortar a los conductores a respetar los l\u00edmites de velocidad, afortunadamente no hubo hechos lamentables\u00bb.<\/p>\n<p>Asimismo, hizo un llamado a los conductores de transporte de carga a circular en las carreteras con luz de d\u00eda y tener su tel\u00e9fono celular activo para realizar cualquier llamada de emergencia.<\/p>\n<p>Finalmente, destac\u00f3 que en el estado de Veracruz se encuentra distribuidos 3 mil efectivos de la Guardia Nacional, aunque no se prev\u00e9 la llegada de m\u00e1s elementos.<\/p>\n","protected":false},"excerpt":{"rendered":"<p>De acuerdo con las autoridades de la Guardia Nacional y Ej\u00e9rcito Mexicano durante esta temporada vacacional de Semana Santa que reci\u00e9n termin\u00f3 se registr\u00f3 un saldo blanco en el operativo que ellos implementaron. Al respecto, el Teniente Coronel Intendente F\u00e9lix Antonio Fonseca Jim\u00e9nez, Subjefe de Estado Mayor de la 26\/a. Zona Militar, indic\u00f3 que los [&hellip;]<\/p>\n","protected":false},"author":4,"featured_media":55431,"comment_status":"closed","ping_status":"closed","sticky":false,"template":"","format":"standard","meta":{"_jetpack_newsletter_access":"","_jetpack_dont_email_post_to_subs":false,"_jetpack_newsletter_tier_id":0,"_jetpack_memberships_contains_paywalled_content":false,"_jetpack_feature_clip_id":0,"_jetpack_memberships_contains_paid_content":false,"footnotes":"","jetpack_publicize_message":"","jetpack_publicize_feature_enabled":true,"jetpack_social_post_already_shared":true,"jetpack_social_options":{"image_generator_settings":{"template":"highway","default_image_id":0,"font":"","enabled":false},"version":2},"jetpack_post_was_ever_published":false},"categories":[356],"tags":[],"class_list":["post-55430","post","type-post","status-publish","format-standard","has-post-thumbnail","hentry","category-veracruz"],"jetpack_publicize_connections":[],"jetpack_sharing_enabled":true,"publishpress_future_action":{"enabled":false,"date":"2026-09-07 19:09:58","action":"change-status","newStatus":"draft","terms":[],"taxonomy":"category","extraData":[]},"publishpress_future_workflow_manual_trigger":{"enabledWorkflows":[]},"jetpack_featured_media_url":"https:\/\/noticiasveracruz.com\/wp-content\/uploads\/2025\/04\/9c-11.jpg","_links":{"self":[{"href":"https:\/\/noticiasveracruz.com\/index.php\/wp-json\/wp\/v2\/posts\/55430","targetHints":{"allow":["GET"]}}],"collection":[{"href":"https:\/\/noticiasveracruz.com\/index.php\/wp-json\/wp\/v2\/posts"}],"about":[{"href":"https:\/\/noticiasveracruz.com\/index.php\/wp-json\/wp\/v2\/types\/post"}],"author":[{"embeddable":true,"href":"https:\/\/noticiasveracruz.com\/index.php\/wp-json\/wp\/v2\/users\/4"}],"replies":[{"embeddable":true,"href":"https:\/\/noticiasveracruz.com\/index.php\/wp-json\/wp\/v2\/comments?post=55430"}],"version-history":[{"count":0,"href":"https:\/\/noticiasveracruz.com\/index.php\/wp-json\/wp\/v2\/posts\/55430\/revisions"}],"wp:featuredmedia":[{"embeddable":true,"href":"https:\/\/noticiasveracruz.com\/index.php\/wp-json\/wp\/v2\/media\/55431"}],"wp:attachment":[{"href":"https:\/\/noticiasveracruz.com\/index.php\/wp-json\/wp\/v2\/media?parent=55430"}],"wp:term":[{"taxonomy":"category","embeddable":true,"href":"https:\/\/noticiasveracruz.com\/index.php\/wp-json\/wp\/v2\/categories?post=55430"},{"taxonomy":"post_tag","embeddable":true,"href":"https:\/\/noticiasveracruz.com\/index.php\/wp-json\/wp\/v2\/tags?post=55430"}],"curies":[{"name":"wp","href":"https:\/\/api.w.org\/{rel}","templated":true}]}}