{"id":55386,"date":"2025-04-28T00:27:13","date_gmt":"2025-04-28T06:27:13","guid":{"rendered":"https:\/\/noticiasveracruz.com\/?p=55386"},"modified":"2025-04-28T00:27:13","modified_gmt":"2025-04-28T06:27:13","slug":"bingo-estos-seran-tus-jueces-magistrados-y-ministros","status":"publish","type":"post","link":"https:\/\/noticiasveracruz.com\/index.php\/2025\/04\/28\/bingo-estos-seran-tus-jueces-magistrados-y-ministros\/","title":{"rendered":"\u00a1Bingo!&#8230; Estos ser\u00e1n tus jueces, magistrados y ministros"},"content":{"rendered":"<p>El\u00a0<strong><em>kit\u00a0<\/em><\/strong>es completo.<\/p>\n<p>Los promotores oficiales no nada m\u00e1s convocan a participar en la elecci\u00f3n de juzgadores para sepultar al Poder Judicial del\u00a0<strong><em>neoliberalismo<\/em><\/strong>.<\/p>\n<p>Tambi\u00e9n orientan c\u00f3mo ser\u00e1 la movilizaci\u00f3n del primer domingo de junio para asegurar la participaci\u00f3n de las huestes administrativas federales, militantes y sindicales del pa\u00eds.<\/p>\n<p>Y para facilitar el operativo completo y el \u00e9xito de la jornada electoral como la quiere el nuevo Gobierno, deberan orientar a los votantes sobre el ejercicio de su derecho.<\/p>\n<p>\u00bfQu\u00e9 incluye?<\/p>\n<p>Decirle a los electores a qui\u00e9n deben palomear, para lo cual necesitar\u00e1n aprenderse no los nombres de los candidatos -eso es otra democracia-, sino el n\u00famero al cual corresponden los futuros impartidores de justicia.<\/p>\n<p>En cada estado o distrito ser\u00e1n diferentes y por eso deben aprenderse el n\u00famero a poner: verbigracia en la boleta amarilla el 7, la azul el 35, la morada 23\u2026 y as\u00ed.<\/p>\n<p>Este ejemplo corresponde a Durango y var\u00eda seg\u00fan la regi\u00f3n, pero en su momento los instructores &#8211;<strong><em>Siervos de la Naci\u00f3n<\/em><\/strong>,\u00a0<strong><em>J\u00f3venes Construyendo el Futuro<\/em><\/strong>, operadores de Bienestar, ej\u00e9rcito de\u00a0<strong>Andr\u00e9s Manuel L\u00f3pez Beltr\u00e1n<\/strong>,\u00a0<strong><em>Andy<\/em><\/strong>, \u00a0y dem\u00e1s- les indicar\u00e1n.<\/p>\n<p><strong>APUNTES EN LA URNA<\/strong><\/p>\n<p>Si es necesario, tendr\u00e1n una hoja tipo bingo.<\/p>\n<p>Los lud\u00f3patas saben c\u00f3mo es el esquema tipo loter\u00eda: en cuanto sale un d\u00edgito, ellos lo marcan y al final, al llenar la tablilla, gritan \u00a1Gan\u00e9! y recibir\u00e1n su premio\u2026 en este caso los jueces, los magistrados o los ministros del r\u00e9gimen.<\/p>\n<p>Es un enredo y por eso necesitan apuntes, pues dif\u00edcilmente un votante com\u00fan entender\u00e1 el vericueto: morada para ministros -cinco mujeres y cuatro hombres- con un dato preciso: tres de ellas recibieron la bendici\u00f3n desde el sexenio pasado,\u00a0<strong>Loretta Ortiz<\/strong>,\u00a0<strong>Yasm\u00edn Esquivel<\/strong>\u00a0y\u00a0<strong>Lenia Batres<\/strong>.<\/p>\n<p>As\u00ed seguir\u00e1 el altero de papeles: azul para magistrados de la Sala Superior del TEPJF, turquesa para magistrados del Tribunal de Disciplina Judicial, salm\u00f3n para salas regionales electorales, rosa para magistrados de circuito y amarilla para juzgados de distrito.<\/p>\n<p><strong>ADI\u00d3S A CONCESIONES<\/strong><\/p>\n<p>1.- No es necesario esperar las reformas en materia de radiocomunicaci\u00f3n para tomar determinaciones y complacer al poder.<\/p>\n<p>Lo saben los concesionarios de radio y televisi\u00f3n, en especial los de provincia, a quienes ya se les llam\u00f3 personalmente para exigirles no aceptar la publicidad de la secretaria del Interior de Estados Unidos,\u00a0<strong>Kristi Noem<\/strong>, en contra del flujo de migrantes hacia su pa\u00eds.<\/p>\n<p>La advertencia de rechazar los contratos o perder la concesi\u00f3n no admite t\u00e9rminos medios y por eso pronto fracasar\u00e1 el proyecto de inyectar 200 millones de d\u00f3lares -unos cuatro mil millones de pesos- en esa cruzada.<\/p>\n<p>No gust\u00f3 al gobierno mexicano,\u00a0<strong>Claudia Sheinbaum<\/strong>\u00a0la conden\u00f3 y a sus frases sigui\u00f3 una iniciativa cuya aprobaci\u00f3n se har\u00e1 sin dilaci\u00f3n por parte de un Poder Legislativo fl\u00e1cido.<\/p>\n<p>Y 2.- Un dato no tan secreto:<\/p>\n<p>En mayo habr\u00e1 una severa campa\u00f1a en redes sociales con costo de 25 millones de pesos para desacreditar a candidatos a jueces non gratos al sistema.<\/p>\n<p>El tema es investigar de d\u00f3nde viene todo este capital, no vaya a ser que se los acrediten a los hijos de la Malinche y nos regresen a la etapa de la conquista de Espa\u00f1a.<\/p>\n<p>Una pista: no es dinero privado.<\/p>\n<p><img loading=\"lazy\" decoding=\"async\" class=\"alignnone wp-image-55387 size-full\" src=\"http:\/\/noticiasveracruz.com\/wp-content\/uploads\/2025\/04\/FIRMA-EDITORIAL-PD-6.jpg\" alt=\"\" width=\"1024\" height=\"125\" srcset=\"https:\/\/noticiasveracruz.com\/wp-content\/uploads\/2025\/04\/FIRMA-EDITORIAL-PD-6.jpg 1024w, https:\/\/noticiasveracruz.com\/wp-content\/uploads\/2025\/04\/FIRMA-EDITORIAL-PD-6-300x37.jpg 300w, https:\/\/noticiasveracruz.com\/wp-content\/uploads\/2025\/04\/FIRMA-EDITORIAL-PD-6-768x94.jpg 768w\" sizes=\"auto, (max-width: 1024px) 100vw, 1024px\" \/><\/p>\n","protected":false},"excerpt":{"rendered":"<p>El\u00a0kit\u00a0es completo. Los promotores oficiales no nada m\u00e1s convocan a participar en la elecci\u00f3n de juzgadores para sepultar al Poder Judicial del\u00a0neoliberalismo. Tambi\u00e9n orientan c\u00f3mo ser\u00e1 la movilizaci\u00f3n del primer domingo de junio para asegurar la participaci\u00f3n de las huestes administrativas federales, militantes y sindicales del pa\u00eds. Y para facilitar el operativo completo y el [&hellip;]<\/p>\n","protected":false},"author":4,"featured_media":28549,"comment_status":"closed","ping_status":"closed","sticky":false,"template":"","format":"standard","meta":{"_jetpack_newsletter_access":"","_jetpack_dont_email_post_to_subs":false,"_jetpack_newsletter_tier_id":0,"_jetpack_memberships_contains_paywalled_content":false,"_jetpack_feature_clip_id":0,"_jetpack_memberships_contains_paid_content":false,"footnotes":"","jetpack_publicize_message":"","jetpack_publicize_feature_enabled":true,"jetpack_social_post_already_shared":true,"jetpack_social_options":{"image_generator_settings":{"template":"highway","default_image_id":0,"font":"","enabled":false},"version":2},"jetpack_post_was_ever_published":false},"categories":[6],"tags":[],"class_list":["post-55386","post","type-post","status-publish","format-standard","has-post-thumbnail","hentry","category-columnistas"],"jetpack_publicize_connections":[],"jetpack_sharing_enabled":true,"publishpress_future_action":{"enabled":false,"date":"2026-09-07 20:08:57","action":"change-status","newStatus":"draft","terms":[],"taxonomy":"category","extraData":[]},"publishpress_future_workflow_manual_trigger":{"enabledWorkflows":[]},"jetpack_featured_media_url":"https:\/\/noticiasveracruz.com\/wp-content\/uploads\/2024\/04\/BANNER-JOSE-URENA-NV.jpg","_links":{"self":[{"href":"https:\/\/noticiasveracruz.com\/index.php\/wp-json\/wp\/v2\/posts\/55386","targetHints":{"allow":["GET"]}}],"collection":[{"href":"https:\/\/noticiasveracruz.com\/index.php\/wp-json\/wp\/v2\/posts"}],"about":[{"href":"https:\/\/noticiasveracruz.com\/index.php\/wp-json\/wp\/v2\/types\/post"}],"author":[{"embeddable":true,"href":"https:\/\/noticiasveracruz.com\/index.php\/wp-json\/wp\/v2\/users\/4"}],"replies":[{"embeddable":true,"href":"https:\/\/noticiasveracruz.com\/index.php\/wp-json\/wp\/v2\/comments?post=55386"}],"version-history":[{"count":0,"href":"https:\/\/noticiasveracruz.com\/index.php\/wp-json\/wp\/v2\/posts\/55386\/revisions"}],"wp:featuredmedia":[{"embeddable":true,"href":"https:\/\/noticiasveracruz.com\/index.php\/wp-json\/wp\/v2\/media\/28549"}],"wp:attachment":[{"href":"https:\/\/noticiasveracruz.com\/index.php\/wp-json\/wp\/v2\/media?parent=55386"}],"wp:term":[{"taxonomy":"category","embeddable":true,"href":"https:\/\/noticiasveracruz.com\/index.php\/wp-json\/wp\/v2\/categories?post=55386"},{"taxonomy":"post_tag","embeddable":true,"href":"https:\/\/noticiasveracruz.com\/index.php\/wp-json\/wp\/v2\/tags?post=55386"}],"curies":[{"name":"wp","href":"https:\/\/api.w.org\/{rel}","templated":true}]}}