{"id":55371,"date":"2025-04-28T00:16:22","date_gmt":"2025-04-28T06:16:22","guid":{"rendered":"https:\/\/noticiasveracruz.com\/?p=55371"},"modified":"2025-04-27T23:18:17","modified_gmt":"2025-04-28T05:18:17","slug":"exigen-en-chiapas-aparicion-de-integrantes-de-bases-de-apoyo-del-ezln","status":"publish","type":"post","link":"https:\/\/noticiasveracruz.com\/index.php\/2025\/04\/28\/exigen-en-chiapas-aparicion-de-integrantes-de-bases-de-apoyo-del-ezln\/","title":{"rendered":"Exigen en Chiapas aparici\u00f3n de integrantes de bases de apoyo del EZLN"},"content":{"rendered":"<p class=\"nota-justify\">La Asamblea Nacional por el Agua y por la Vida exigi\u00f3 la aparici\u00f3n con vida de Jos\u00e9 Baldemar S\u00e1ntiz S\u00e1ntiz y Andr\u00e9s Manuel S\u00e1ntiz G\u00f3mez, bases de apoyo del Ej\u00e9rcito Zapatista de Liberaci\u00f3n Nacional (EZLN), detenidos por militares y polic\u00edas el 24 de este mes en el municipio de Aldama.<\/p>\n<p class=\"nota-justify\">\u00abLa detenci\u00f3n arbitraria y posible desaparici\u00f3n forzada de nuestros compa\u00f1eros se suma a los ataques dirigidos a compa\u00f1eros y compa\u00f1eras defensores del territorio, familias buscadoras y poblaci\u00f3n en general\u00bb no s\u00f3lo en Chiapas, sino en otras partes del pa\u00eds, agreg\u00f3.<\/p>\n<p class=\"nota-justify\">En un comunicado difundido este domingo, manifest\u00f3 que la detenci\u00f3n de los dos ind\u00edgenas tsotsiles \u00abse suma a los actos de hostigamiento e intimidaci\u00f3n que el Ej\u00e9rcito Mexicano, la Guardia Nacional y la Fuerza de Reacci\u00f3n Inmediata Pakal (FRIP), realizaron en el cierre del encuentro (Revel y Rebel) Arte convocado por el EZLN\u00bb del 13 al 19 de abril.<\/p>\n<p class=\"nota-justify\">El Centro de Derechos Humanos Fray Bartolom\u00e9 de Las Casas (Frayba), denunci\u00f3 el s\u00e1bado que S\u00e1ntiz S\u00e1ntiz y S\u00e1ntiz G\u00f3mez fueron detenidos el 24 de abril en la comunidad de Cotzilnam, Aldama, durante un \u00abfuerte operativo\u00bb realizado por elementos de fuerzas de seguridad federales y estatales que \u00abrealizaron cateos sin orden judicial en domicilios de familias bases de apoyo del EZLN\u00bb<\/p>\n<p class=\"nota-justify\">En una \u00abacci\u00f3n urgente\u00bb, a\u00f1adi\u00f3 que los uniformados \u00abirrumpieron de manera violenta en las casas\u00bb y detuvieron a los dos tsotsiles bases de apoyo zapatista, adem\u00e1s de que \u00abdurante el operativo fueron robados un veh\u00edculo, una motocicleta, un celular, dinero en efectivo, mercanc\u00eda y equipo de trabajo\u00bb.<\/p>\n<p class=\"nota-justify\">Tras exigir su aparici\u00f3n con vida, la Asamblea Nacional por el Agua y la Vida, afirm\u00f3 que \u00abla autonom\u00eda y el Com\u00fan que construyen d\u00eda con d\u00eda las bases de apoyo zapatistas y el EZLN son el objetivo de la violencia de Estado encabezada por el mal gobierno de la cuarta transformaci\u00f3n\u00bb.<\/p>\n<p class=\"nota-justify\">La agrupaci\u00f3n exigi\u00f3 \u00abalto a los ataques, hostigamiento e intimidaci\u00f3n en contra de las comunidades zapatistas\u00bb y de otras localidades y organizaciones pertenecientes al Congreso Nacional Ind\u00edgena.<\/p>\n","protected":false},"excerpt":{"rendered":"<p>La Asamblea Nacional por el Agua y por la Vida exigi\u00f3 la aparici\u00f3n con vida de Jos\u00e9 Baldemar S\u00e1ntiz S\u00e1ntiz y Andr\u00e9s Manuel S\u00e1ntiz G\u00f3mez, bases de apoyo del Ej\u00e9rcito Zapatista de Liberaci\u00f3n Nacional (EZLN), detenidos por militares y polic\u00edas el 24 de este mes en el municipio de Aldama. \u00abLa detenci\u00f3n arbitraria y posible [&hellip;]<\/p>\n","protected":false},"author":4,"featured_media":55372,"comment_status":"closed","ping_status":"closed","sticky":false,"template":"","format":"standard","meta":{"_jetpack_newsletter_access":"","_jetpack_dont_email_post_to_subs":false,"_jetpack_newsletter_tier_id":0,"_jetpack_memberships_contains_paywalled_content":false,"_jetpack_feature_clip_id":0,"_jetpack_memberships_contains_paid_content":false,"footnotes":"","jetpack_publicize_message":"","jetpack_publicize_feature_enabled":true,"jetpack_social_post_already_shared":true,"jetpack_social_options":{"image_generator_settings":{"template":"highway","default_image_id":0,"font":"","enabled":false},"version":2},"jetpack_post_was_ever_published":false},"categories":[145],"tags":[],"class_list":["post-55371","post","type-post","status-publish","format-standard","has-post-thumbnail","hentry","category-estados"],"jetpack_publicize_connections":[],"jetpack_sharing_enabled":true,"publishpress_future_action":{"enabled":false,"date":"2026-09-07 07:19:38","action":"change-status","newStatus":"draft","terms":[],"taxonomy":"category","extraData":[]},"publishpress_future_workflow_manual_trigger":{"enabledWorkflows":[]},"jetpack_featured_media_url":"https:\/\/noticiasveracruz.com\/wp-content\/uploads\/2025\/04\/EZLN-cambio.jpg","_links":{"self":[{"href":"https:\/\/noticiasveracruz.com\/index.php\/wp-json\/wp\/v2\/posts\/55371","targetHints":{"allow":["GET"]}}],"collection":[{"href":"https:\/\/noticiasveracruz.com\/index.php\/wp-json\/wp\/v2\/posts"}],"about":[{"href":"https:\/\/noticiasveracruz.com\/index.php\/wp-json\/wp\/v2\/types\/post"}],"author":[{"embeddable":true,"href":"https:\/\/noticiasveracruz.com\/index.php\/wp-json\/wp\/v2\/users\/4"}],"replies":[{"embeddable":true,"href":"https:\/\/noticiasveracruz.com\/index.php\/wp-json\/wp\/v2\/comments?post=55371"}],"version-history":[{"count":0,"href":"https:\/\/noticiasveracruz.com\/index.php\/wp-json\/wp\/v2\/posts\/55371\/revisions"}],"wp:featuredmedia":[{"embeddable":true,"href":"https:\/\/noticiasveracruz.com\/index.php\/wp-json\/wp\/v2\/media\/55372"}],"wp:attachment":[{"href":"https:\/\/noticiasveracruz.com\/index.php\/wp-json\/wp\/v2\/media?parent=55371"}],"wp:term":[{"taxonomy":"category","embeddable":true,"href":"https:\/\/noticiasveracruz.com\/index.php\/wp-json\/wp\/v2\/categories?post=55371"},{"taxonomy":"post_tag","embeddable":true,"href":"https:\/\/noticiasveracruz.com\/index.php\/wp-json\/wp\/v2\/tags?post=55371"}],"curies":[{"name":"wp","href":"https:\/\/api.w.org\/{rel}","templated":true}]}}