{"id":55368,"date":"2025-04-28T00:15:44","date_gmt":"2025-04-28T06:15:44","guid":{"rendered":"https:\/\/noticiasveracruz.com\/?p=55368"},"modified":"2025-04-27T23:14:46","modified_gmt":"2025-04-28T05:14:46","slug":"morosidad-y-desperdicio-de-agua-en-nuevo-laredo-pone-en-riesgo-continuidad-de-servicio","status":"publish","type":"post","link":"https:\/\/noticiasveracruz.com\/index.php\/2025\/04\/28\/morosidad-y-desperdicio-de-agua-en-nuevo-laredo-pone-en-riesgo-continuidad-de-servicio\/","title":{"rendered":"Morosidad y desperdicio de agua en Nuevo Laredo pone en riesgo continuidad de servicio"},"content":{"rendered":"<p><i>L<\/i>a Comisi\u00f3n Municipal de Agua Potable y Alcantarillado (Comapa) atraviesa una situaci\u00f3n cr\u00edtica que pone en riesgo la continuidad de su servicio. Seg\u00fan Silvia Fern\u00e1ndez, gerente general del organismo, el 48% de los usuarios, de un total de 138 mil, mantienen adeudos acumulados, algunos de hasta 20 a\u00f1os. Esta elevada morosidad afecta directamente la operatividad de la instituci\u00f3n.<\/p>\n<p>El caso m\u00e1s alarmante se presenta en sectores como Villas de San Miguel, donde el adeudo hist\u00f3rico supera los 116 millones de pesos, lo que equivale a casi cuatro meses de recaudaci\u00f3n promedio de Comapa. A pesar de los esfuerzos por aplicar cortes, muchos usuarios se reconectan ilegalmente, lo que agrava la situaci\u00f3n, se\u00f1ala Fern\u00e1ndez.<\/p>\n<p>La problem\u00e1tica se agrava con el desperdicio de agua. La funcionaria indic\u00f3 que algunos habitantes recurren a conexiones ilegales, ya sea desde las banquetas, calles o entre vecinos, lo que no solo impacta la fiscalizaci\u00f3n, sino que tambi\u00e9n afecta la presi\u00f3n del servicio para aquellos que s\u00ed cumplen con su responsabilidad.<\/p>\n<p>Fern\u00e1ndez hizo un llamado a la ciudadan\u00eda a regularizar sus pagos. Destac\u00f3 que la Comapa depende de estos ingresos para poder seguir operando, y se\u00f1al\u00f3 que existen convenios de pago accesibles desde 100 pesos para quienes deseen ponerse al corriente con sus adeudos.<\/p>\n<p>Finalmente, la gerente recalc\u00f3 la importancia de cuidar el agua, un recurso vital que, aunque se distribuye a diario, depende de la correcta gesti\u00f3n y pago por parte de los usuarios. \u201cHay que valorarla y pagar por ella\u201d, concluy\u00f3 Fern\u00e1ndez.<\/p>\n","protected":false},"excerpt":{"rendered":"<p>La Comisi\u00f3n Municipal de Agua Potable y Alcantarillado (Comapa) atraviesa una situaci\u00f3n cr\u00edtica que pone en riesgo la continuidad de su servicio. Seg\u00fan Silvia Fern\u00e1ndez, gerente general del organismo, el 48% de los usuarios, de un total de 138 mil, mantienen adeudos acumulados, algunos de hasta 20 a\u00f1os. Esta elevada morosidad afecta directamente la operatividad [&hellip;]<\/p>\n","protected":false},"author":4,"featured_media":55369,"comment_status":"closed","ping_status":"closed","sticky":false,"template":"","format":"standard","meta":{"_jetpack_newsletter_access":"","_jetpack_dont_email_post_to_subs":false,"_jetpack_newsletter_tier_id":0,"_jetpack_memberships_contains_paywalled_content":false,"_jetpack_feature_clip_id":0,"_jetpack_memberships_contains_paid_content":false,"footnotes":"","jetpack_publicize_message":"","jetpack_publicize_feature_enabled":true,"jetpack_social_post_already_shared":true,"jetpack_social_options":{"image_generator_settings":{"template":"highway","default_image_id":0,"font":"","enabled":false},"version":2},"jetpack_post_was_ever_published":false},"categories":[145],"tags":[],"class_list":["post-55368","post","type-post","status-publish","format-standard","has-post-thumbnail","hentry","category-estados"],"jetpack_publicize_connections":[],"jetpack_sharing_enabled":true,"publishpress_future_action":{"enabled":false,"date":"2026-09-07 07:48:55","action":"change-status","newStatus":"draft","terms":[],"taxonomy":"category","extraData":[]},"publishpress_future_workflow_manual_trigger":{"enabledWorkflows":[]},"jetpack_featured_media_url":"https:\/\/noticiasveracruz.com\/wp-content\/uploads\/2025\/04\/AGU-1.jpg","_links":{"self":[{"href":"https:\/\/noticiasveracruz.com\/index.php\/wp-json\/wp\/v2\/posts\/55368","targetHints":{"allow":["GET"]}}],"collection":[{"href":"https:\/\/noticiasveracruz.com\/index.php\/wp-json\/wp\/v2\/posts"}],"about":[{"href":"https:\/\/noticiasveracruz.com\/index.php\/wp-json\/wp\/v2\/types\/post"}],"author":[{"embeddable":true,"href":"https:\/\/noticiasveracruz.com\/index.php\/wp-json\/wp\/v2\/users\/4"}],"replies":[{"embeddable":true,"href":"https:\/\/noticiasveracruz.com\/index.php\/wp-json\/wp\/v2\/comments?post=55368"}],"version-history":[{"count":0,"href":"https:\/\/noticiasveracruz.com\/index.php\/wp-json\/wp\/v2\/posts\/55368\/revisions"}],"wp:featuredmedia":[{"embeddable":true,"href":"https:\/\/noticiasveracruz.com\/index.php\/wp-json\/wp\/v2\/media\/55369"}],"wp:attachment":[{"href":"https:\/\/noticiasveracruz.com\/index.php\/wp-json\/wp\/v2\/media?parent=55368"}],"wp:term":[{"taxonomy":"category","embeddable":true,"href":"https:\/\/noticiasveracruz.com\/index.php\/wp-json\/wp\/v2\/categories?post=55368"},{"taxonomy":"post_tag","embeddable":true,"href":"https:\/\/noticiasveracruz.com\/index.php\/wp-json\/wp\/v2\/tags?post=55368"}],"curies":[{"name":"wp","href":"https:\/\/api.w.org\/{rel}","templated":true}]}}