{"id":55341,"date":"2025-04-28T00:06:03","date_gmt":"2025-04-28T06:06:03","guid":{"rendered":"https:\/\/noticiasveracruz.com\/?p=55341"},"modified":"2025-04-27T22:52:53","modified_gmt":"2025-04-28T04:52:53","slug":"capacita-fisel-a-6-mil-168-personas-contra-delitos-electorales-rumbo-a-la-eleccion-judicial","status":"publish","type":"post","link":"https:\/\/noticiasveracruz.com\/index.php\/2025\/04\/28\/capacita-fisel-a-6-mil-168-personas-contra-delitos-electorales-rumbo-a-la-eleccion-judicial\/","title":{"rendered":"Capacita Fisel a 6 mil 168 personas contra delitos electorales rumbo a la elecci\u00f3n judicial"},"content":{"rendered":"<p class=\"nota-justify\">La Fiscal\u00eda Especializada en materia de Delitos Electorales (FISEL) ha capacitado, hasta la fecha, a seis mil 168 personas servidoras p\u00fablicas para contribuir a la prevenci\u00f3n de il\u00edcitos en el actual proceso de elecci\u00f3n judicial del 1 de junio, en el que por primera vez se elegir\u00e1 en las urnas a jueces, magistrados y ministros.<\/p>\n<p class=\"nota-justify\">Empleados de distintas dependencias federales recibieron formaci\u00f3n, sensibilizaci\u00f3n y profesionalizaci\u00f3n en la materia mediante los cursos presenciales y en l\u00ednea Prevenci\u00f3n de los Delitos Electorales y Responsabilidades Administrativas, as\u00ed como Violencia Pol\u00edtica contra las Mujeres en Raz\u00f3n de G\u00e9nero.<\/p>\n<p class=\"nota-justify\">En un comunicado, la FISEL, de la Fiscal\u00eda General de la Rep\u00fablica (FGR), detall\u00f3 que, en el curso sobre responsabilidades administrativas, fueron capacitadas, de febrero a la fecha, dos mil 776 personas del Tribunal Electoral del Poder Judicial de la Federaci\u00f3n (TEPJF) y de la Secretar\u00eda Anticorrupci\u00f3n y Buen Gobierno.<\/p>\n<p class=\"nota-justify\">En dicho curso se impartieron contenidos sobre los delitos electorales, las faltas administrativas, las responsabilidades y sanciones en materia electoral que pueden cometerse, as\u00ed como los mecanismos de denuncia disponibles en materia penal electoral.<\/p>\n<p class=\"nota-justify\">Respecto a la capacitaci\u00f3n en Violencia Pol\u00edtica contra las Mujeres en Raz\u00f3n de G\u00e9nero, realizada en colaboraci\u00f3n con el Instituto Nacional Electoral (INE) y la Secretar\u00eda Anticorrupci\u00f3n y Buen Gobierno, participaron tres mil 392 personas servidoras p\u00fablicas. A ellas se les proporcionaron herramientas te\u00f3ricas y pr\u00e1cticas para identificar, prevenir y combatir este tipo de violencia, adem\u00e1s de promover una cultura de igualdad y respeto a los derechos pol\u00edtico-electorales.<\/p>\n<p class=\"nota-justify\">\u201cLos objetivos de la capacitaci\u00f3n son que conozcan los conceptos b\u00e1sicos de la violencia de g\u00e9nero; identifiquen las diferencias entre violencia pol\u00edtica y violencia pol\u00edtica contra las mujeres en raz\u00f3n de g\u00e9nero; conozcan la normatividad aplicable, tanto en el \u00e1mbito nacional como internacional; y analicen las conductas se\u00f1aladas en el art\u00edculo 20 Bis de la Ley General en Materia de Delitos Electorales.<\/p>\n","protected":false},"excerpt":{"rendered":"<p>La Fiscal\u00eda Especializada en materia de Delitos Electorales (FISEL) ha capacitado, hasta la fecha, a seis mil 168 personas servidoras p\u00fablicas para contribuir a la prevenci\u00f3n de il\u00edcitos en el actual proceso de elecci\u00f3n judicial del 1 de junio, en el que por primera vez se elegir\u00e1 en las urnas a jueces, magistrados y ministros. [&hellip;]<\/p>\n","protected":false},"author":4,"featured_media":55342,"comment_status":"closed","ping_status":"closed","sticky":false,"template":"","format":"standard","meta":{"_jetpack_newsletter_access":"","_jetpack_dont_email_post_to_subs":false,"_jetpack_newsletter_tier_id":0,"_jetpack_memberships_contains_paywalled_content":false,"_jetpack_feature_clip_id":0,"_jetpack_memberships_contains_paid_content":false,"footnotes":"","jetpack_publicize_message":"","jetpack_publicize_feature_enabled":true,"jetpack_social_post_already_shared":true,"jetpack_social_options":{"image_generator_settings":{"template":"highway","default_image_id":0,"font":"","enabled":false},"version":2},"jetpack_post_was_ever_published":false},"categories":[4],"tags":[],"class_list":["post-55341","post","type-post","status-publish","format-standard","has-post-thumbnail","hentry","category-nacional"],"jetpack_publicize_connections":[],"jetpack_sharing_enabled":true,"publishpress_future_action":{"enabled":false,"date":"2026-09-07 21:00:52","action":"change-status","newStatus":"draft","terms":[],"taxonomy":"category","extraData":[]},"publishpress_future_workflow_manual_trigger":{"enabledWorkflows":[]},"jetpack_featured_media_url":"https:\/\/noticiasveracruz.com\/wp-content\/uploads\/2025\/04\/principal_fisel.jpg","_links":{"self":[{"href":"https:\/\/noticiasveracruz.com\/index.php\/wp-json\/wp\/v2\/posts\/55341","targetHints":{"allow":["GET"]}}],"collection":[{"href":"https:\/\/noticiasveracruz.com\/index.php\/wp-json\/wp\/v2\/posts"}],"about":[{"href":"https:\/\/noticiasveracruz.com\/index.php\/wp-json\/wp\/v2\/types\/post"}],"author":[{"embeddable":true,"href":"https:\/\/noticiasveracruz.com\/index.php\/wp-json\/wp\/v2\/users\/4"}],"replies":[{"embeddable":true,"href":"https:\/\/noticiasveracruz.com\/index.php\/wp-json\/wp\/v2\/comments?post=55341"}],"version-history":[{"count":0,"href":"https:\/\/noticiasveracruz.com\/index.php\/wp-json\/wp\/v2\/posts\/55341\/revisions"}],"wp:featuredmedia":[{"embeddable":true,"href":"https:\/\/noticiasveracruz.com\/index.php\/wp-json\/wp\/v2\/media\/55342"}],"wp:attachment":[{"href":"https:\/\/noticiasveracruz.com\/index.php\/wp-json\/wp\/v2\/media?parent=55341"}],"wp:term":[{"taxonomy":"category","embeddable":true,"href":"https:\/\/noticiasveracruz.com\/index.php\/wp-json\/wp\/v2\/categories?post=55341"},{"taxonomy":"post_tag","embeddable":true,"href":"https:\/\/noticiasveracruz.com\/index.php\/wp-json\/wp\/v2\/tags?post=55341"}],"curies":[{"name":"wp","href":"https:\/\/api.w.org\/{rel}","templated":true}]}}