{"id":55335,"date":"2025-04-28T00:04:20","date_gmt":"2025-04-28T06:04:20","guid":{"rendered":"https:\/\/noticiasveracruz.com\/?p=55335"},"modified":"2025-04-27T22:43:34","modified_gmt":"2025-04-28T04:43:34","slug":"becan-a-12-mil-jovenes","status":"publish","type":"post","link":"https:\/\/noticiasveracruz.com\/index.php\/2025\/04\/28\/becan-a-12-mil-jovenes\/","title":{"rendered":"Becan a 12 mil j\u00f3venes"},"content":{"rendered":"<p>La gobernadora Roc\u00edo Nahle Garc\u00eda y el coordinador nacional de Becas para el Bienestar, Julio C\u00e9sar Le\u00f3n Trujillo, encabezaron en el puerto de Veracruz el inicio de la entrega de 12 mil 684 tarjetas de la beca J\u00f3venes Escribiendo el Futuro, un programa impulsado por la presidenta Claudia Sheinbaum Pardo para hacer de la educaci\u00f3n una prioridad nacional.<\/p>\n<p>En el Auditorio Benito Ju\u00e1rez, junto con el delegado estatal de los Programas para el Desarrollo, Juan Javier G\u00f3mez Cazar\u00edn, y la secretaria de Educaci\u00f3n, Claudia Tello Espinosa, otorgaron mil 310 tarjetas con un apoyo bimestral de 5 mil 800 pesos para cada beneficiario: 761 destinadas a estudiantes UV y 549 de la UPAV. La distribuci\u00f3n continuar\u00e1 en distintos municipios del estado hasta el 28 de abril.<\/p>\n<p>Al respecto, la Mandataria subray\u00f3 que este programa representa un cambio de fondo en la pol\u00edtica educativa nacional \u201cno se trata de regalar recursos, sino de apostar por el futuro de Veracruz y de todo el pa\u00eds. Ahora los j\u00f3venes estudian, se preparan y construyen un proyecto de vida digno, y estoy segura de que sabr\u00e1n aprovechar este apoyo de forma responsable\u201d.<\/p>\n<p>El Coordinador Nacional detall\u00f3 que en la entidad este esfuerzo se suma a un esquema integral que actualmente favorece a m\u00e1s de 950 mil estudiantes en todos los niveles: 660 mil en Educaci\u00f3n B\u00e1sica con la beca Rita Cetina Guti\u00e9rrez, 263 mil en Media Superior y 27 mil 216 en Superior, con una inversi\u00f3n estatal anual cercana a los 9 mil millones de pesos.<\/p>\n<p>Adem\u00e1s, resalt\u00f3 que el estado fue el primero en cumplir en tiempo y forma con la entrega de tarjetas a los beneficiarios de la beca universal Rita Cetina para secundaria, logrando que m\u00e1s de 350 mil estudiantes cuenten hoy con el apoyo del Gobierno de M\u00e9xico para permanecer en las aulas.<\/p>\n<p>En esta jornada tambi\u00e9n estuvieron presentes el rector de la UV, Mart\u00edn Gerardo Aguilar S\u00e1nchez; el rector de la UPAV, Sergio Torres Mej\u00eda; y el titular de la Oficina de Representaci\u00f3n en Veracruz de la Coordinaci\u00f3n Nacional de Becas para el Bienestar, Carlos Alberto Villa Jim\u00e9nez.<\/p>\n","protected":false},"excerpt":{"rendered":"<p>La gobernadora Roc\u00edo Nahle Garc\u00eda y el coordinador nacional de Becas para el Bienestar, Julio C\u00e9sar Le\u00f3n Trujillo, encabezaron en el puerto de Veracruz el inicio de la entrega de 12 mil 684 tarjetas de la beca J\u00f3venes Escribiendo el Futuro, un programa impulsado por la presidenta Claudia Sheinbaum Pardo para hacer de la educaci\u00f3n [&hellip;]<\/p>\n","protected":false},"author":4,"featured_media":55336,"comment_status":"closed","ping_status":"closed","sticky":false,"template":"","format":"standard","meta":{"_jetpack_newsletter_access":"","_jetpack_dont_email_post_to_subs":false,"_jetpack_newsletter_tier_id":0,"_jetpack_memberships_contains_paywalled_content":false,"_jetpack_feature_clip_id":0,"_jetpack_memberships_contains_paid_content":false,"footnotes":"","jetpack_publicize_message":"","jetpack_publicize_feature_enabled":true,"jetpack_social_post_already_shared":true,"jetpack_social_options":{"image_generator_settings":{"template":"highway","default_image_id":0,"font":"","enabled":false},"version":2},"jetpack_post_was_ever_published":false},"categories":[356],"tags":[],"class_list":["post-55335","post","type-post","status-publish","format-standard","has-post-thumbnail","hentry","category-veracruz"],"jetpack_publicize_connections":[],"jetpack_sharing_enabled":true,"publishpress_future_action":{"enabled":false,"date":"2026-09-07 20:08:56","action":"change-status","newStatus":"draft","terms":[],"taxonomy":"category","extraData":[]},"publishpress_future_workflow_manual_trigger":{"enabledWorkflows":[]},"jetpack_featured_media_url":"https:\/\/noticiasveracruz.com\/wp-content\/uploads\/2025\/04\/9a1-4-scaled.jpg","_links":{"self":[{"href":"https:\/\/noticiasveracruz.com\/index.php\/wp-json\/wp\/v2\/posts\/55335","targetHints":{"allow":["GET"]}}],"collection":[{"href":"https:\/\/noticiasveracruz.com\/index.php\/wp-json\/wp\/v2\/posts"}],"about":[{"href":"https:\/\/noticiasveracruz.com\/index.php\/wp-json\/wp\/v2\/types\/post"}],"author":[{"embeddable":true,"href":"https:\/\/noticiasveracruz.com\/index.php\/wp-json\/wp\/v2\/users\/4"}],"replies":[{"embeddable":true,"href":"https:\/\/noticiasveracruz.com\/index.php\/wp-json\/wp\/v2\/comments?post=55335"}],"version-history":[{"count":0,"href":"https:\/\/noticiasveracruz.com\/index.php\/wp-json\/wp\/v2\/posts\/55335\/revisions"}],"wp:featuredmedia":[{"embeddable":true,"href":"https:\/\/noticiasveracruz.com\/index.php\/wp-json\/wp\/v2\/media\/55336"}],"wp:attachment":[{"href":"https:\/\/noticiasveracruz.com\/index.php\/wp-json\/wp\/v2\/media?parent=55335"}],"wp:term":[{"taxonomy":"category","embeddable":true,"href":"https:\/\/noticiasveracruz.com\/index.php\/wp-json\/wp\/v2\/categories?post=55335"},{"taxonomy":"post_tag","embeddable":true,"href":"https:\/\/noticiasveracruz.com\/index.php\/wp-json\/wp\/v2\/tags?post=55335"}],"curies":[{"name":"wp","href":"https:\/\/api.w.org\/{rel}","templated":true}]}}