{"id":55316,"date":"2025-04-26T01:12:34","date_gmt":"2025-04-26T07:12:34","guid":{"rendered":"https:\/\/noticiasveracruz.com\/?p=55316"},"modified":"2025-04-27T01:17:25","modified_gmt":"2025-04-27T07:17:25","slug":"se-despliega-en-tuxpan-la-estrategia-de-seguridad-maxima-presencia-con-la-participacion-de-fuerzas-federales-estatales-y-municipales","status":"publish","type":"post","link":"https:\/\/noticiasveracruz.com\/index.php\/2025\/04\/26\/se-despliega-en-tuxpan-la-estrategia-de-seguridad-maxima-presencia-con-la-participacion-de-fuerzas-federales-estatales-y-municipales\/","title":{"rendered":"Se despliega en Tuxpan la Estrategia de Seguridad \u201cM\u00e1xima Presencia\u201d, con la participaci\u00f3n de fuerzas federales, estatales y municipales"},"content":{"rendered":"<p>Tuxpan, Ver., 26 de abril de 2025.- Como parte de la Estrategia Nacional de Seguridad P\u00fablica \u201cM\u00e1xima Presencia\u201d, desde el d\u00eda de hoy se fortalecen los operativos coordinados de fuerzas federales, estatales y municipales.<\/p>\n<p><img loading=\"lazy\" decoding=\"async\" class=\"alignnone size-medium wp-image-55324\" src=\"http:\/\/noticiasveracruz.com\/wp-content\/uploads\/2025\/04\/WhatsApp-Image-2025-04-26-at-13.56.56-300x225.jpeg\" alt=\"\" width=\"300\" height=\"225\" srcset=\"https:\/\/noticiasveracruz.com\/wp-content\/uploads\/2025\/04\/WhatsApp-Image-2025-04-26-at-13.56.56-300x225.jpeg 300w, https:\/\/noticiasveracruz.com\/wp-content\/uploads\/2025\/04\/WhatsApp-Image-2025-04-26-at-13.56.56-1024x768.jpeg 1024w, https:\/\/noticiasveracruz.com\/wp-content\/uploads\/2025\/04\/WhatsApp-Image-2025-04-26-at-13.56.56-768x576.jpeg 768w, https:\/\/noticiasveracruz.com\/wp-content\/uploads\/2025\/04\/WhatsApp-Image-2025-04-26-at-13.56.56.jpeg 1280w\" sizes=\"auto, (max-width: 300px) 100vw, 300px\" \/> <img loading=\"lazy\" decoding=\"async\" class=\"alignnone size-medium wp-image-55323\" src=\"http:\/\/noticiasveracruz.com\/wp-content\/uploads\/2025\/04\/WhatsApp-Image-2025-04-26-at-13.56.09-300x225.jpeg\" alt=\"\" width=\"300\" height=\"225\" srcset=\"https:\/\/noticiasveracruz.com\/wp-content\/uploads\/2025\/04\/WhatsApp-Image-2025-04-26-at-13.56.09-300x225.jpeg 300w, https:\/\/noticiasveracruz.com\/wp-content\/uploads\/2025\/04\/WhatsApp-Image-2025-04-26-at-13.56.09-1024x768.jpeg 1024w, https:\/\/noticiasveracruz.com\/wp-content\/uploads\/2025\/04\/WhatsApp-Image-2025-04-26-at-13.56.09-768x576.jpeg 768w, https:\/\/noticiasveracruz.com\/wp-content\/uploads\/2025\/04\/WhatsApp-Image-2025-04-26-at-13.56.09.jpeg 1280w\" sizes=\"auto, (max-width: 300px) 100vw, 300px\" \/><\/p>\n<p>De manera permanente y en todo el municipio se realizar\u00e1n patrullajes, se mantendr\u00e1 presencia policial en lugares estrat\u00e9gicos y se colocar\u00e1n puestos de control preventivos.<\/p>\n<p><img loading=\"lazy\" decoding=\"async\" class=\"alignnone size-medium wp-image-55322\" src=\"http:\/\/noticiasveracruz.com\/wp-content\/uploads\/2025\/04\/WhatsApp-Image-2025-04-26-at-13.54.13-300x213.jpeg\" alt=\"\" width=\"300\" height=\"213\" srcset=\"https:\/\/noticiasveracruz.com\/wp-content\/uploads\/2025\/04\/WhatsApp-Image-2025-04-26-at-13.54.13-300x213.jpeg 300w, https:\/\/noticiasveracruz.com\/wp-content\/uploads\/2025\/04\/WhatsApp-Image-2025-04-26-at-13.54.13-1024x726.jpeg 1024w, https:\/\/noticiasveracruz.com\/wp-content\/uploads\/2025\/04\/WhatsApp-Image-2025-04-26-at-13.54.13-768x545.jpeg 768w, https:\/\/noticiasveracruz.com\/wp-content\/uploads\/2025\/04\/WhatsApp-Image-2025-04-26-at-13.54.13.jpeg 1108w\" sizes=\"auto, (max-width: 300px) 100vw, 300px\" \/> <img loading=\"lazy\" decoding=\"async\" class=\"alignnone size-medium wp-image-55321\" src=\"http:\/\/noticiasveracruz.com\/wp-content\/uploads\/2025\/04\/WhatsApp-Image-2025-04-26-at-13.54.13-2-300x225.jpeg\" alt=\"\" width=\"300\" height=\"225\" srcset=\"https:\/\/noticiasveracruz.com\/wp-content\/uploads\/2025\/04\/WhatsApp-Image-2025-04-26-at-13.54.13-2-300x225.jpeg 300w, https:\/\/noticiasveracruz.com\/wp-content\/uploads\/2025\/04\/WhatsApp-Image-2025-04-26-at-13.54.13-2-1024x768.jpeg 1024w, https:\/\/noticiasveracruz.com\/wp-content\/uploads\/2025\/04\/WhatsApp-Image-2025-04-26-at-13.54.13-2-768x576.jpeg 768w, https:\/\/noticiasveracruz.com\/wp-content\/uploads\/2025\/04\/WhatsApp-Image-2025-04-26-at-13.54.13-2.jpeg 1280w\" sizes=\"auto, (max-width: 300px) 100vw, 300px\" \/><\/p>\n<p>Estas acciones son con el fin de inhibir la comisi\u00f3n de delitos, as\u00ed como salvaguardar el patrimonio, la integridad y el bienestar de la poblaci\u00f3n.<\/p>\n<p><img loading=\"lazy\" decoding=\"async\" class=\"alignnone size-medium wp-image-55320\" src=\"http:\/\/noticiasveracruz.com\/wp-content\/uploads\/2025\/04\/WhatsApp-Image-2025-04-26-at-13.54.13-1-300x225.jpeg\" alt=\"\" width=\"300\" height=\"225\" srcset=\"https:\/\/noticiasveracruz.com\/wp-content\/uploads\/2025\/04\/WhatsApp-Image-2025-04-26-at-13.54.13-1-300x225.jpeg 300w, https:\/\/noticiasveracruz.com\/wp-content\/uploads\/2025\/04\/WhatsApp-Image-2025-04-26-at-13.54.13-1-1024x768.jpeg 1024w, https:\/\/noticiasveracruz.com\/wp-content\/uploads\/2025\/04\/WhatsApp-Image-2025-04-26-at-13.54.13-1-768x576.jpeg 768w, https:\/\/noticiasveracruz.com\/wp-content\/uploads\/2025\/04\/WhatsApp-Image-2025-04-26-at-13.54.13-1.jpeg 1280w\" sizes=\"auto, (max-width: 300px) 100vw, 300px\" \/> <img loading=\"lazy\" decoding=\"async\" class=\"alignnone size-medium wp-image-55319\" src=\"http:\/\/noticiasveracruz.com\/wp-content\/uploads\/2025\/04\/WhatsApp-Image-2025-04-26-at-13.54.12-300x226.jpeg\" alt=\"\" width=\"300\" height=\"226\" srcset=\"https:\/\/noticiasveracruz.com\/wp-content\/uploads\/2025\/04\/WhatsApp-Image-2025-04-26-at-13.54.12-300x226.jpeg 300w, https:\/\/noticiasveracruz.com\/wp-content\/uploads\/2025\/04\/WhatsApp-Image-2025-04-26-at-13.54.12-1024x771.jpeg 1024w, https:\/\/noticiasveracruz.com\/wp-content\/uploads\/2025\/04\/WhatsApp-Image-2025-04-26-at-13.54.12-768x578.jpeg 768w, https:\/\/noticiasveracruz.com\/wp-content\/uploads\/2025\/04\/WhatsApp-Image-2025-04-26-at-13.54.12-1536x1156.jpeg 1536w, https:\/\/noticiasveracruz.com\/wp-content\/uploads\/2025\/04\/WhatsApp-Image-2025-04-26-at-13.54.12.jpeg 1600w\" sizes=\"auto, (max-width: 300px) 100vw, 300px\" \/> <img loading=\"lazy\" decoding=\"async\" class=\"alignnone size-medium wp-image-55317\" src=\"http:\/\/noticiasveracruz.com\/wp-content\/uploads\/2025\/04\/WhatsApp-Image-2025-04-26-at-13.54.11-300x194.jpeg\" alt=\"\" width=\"300\" height=\"194\" srcset=\"https:\/\/noticiasveracruz.com\/wp-content\/uploads\/2025\/04\/WhatsApp-Image-2025-04-26-at-13.54.11-300x194.jpeg 300w, https:\/\/noticiasveracruz.com\/wp-content\/uploads\/2025\/04\/WhatsApp-Image-2025-04-26-at-13.54.11.jpeg 719w\" sizes=\"auto, (max-width: 300px) 100vw, 300px\" \/><\/p>\n<p>Cabe destacar que \u201cM\u00e1xima Presencia\u00bb es una estrategia de seguridad enfocada en aumentar la presencia policial, con el prop\u00f3sito de disuadir actividades al margen de la ley y garantizar la seguridad de los ciudadanos.<\/p>\n","protected":false},"excerpt":{"rendered":"<p>Tuxpan, Ver., 26 de abril de 2025.- Como parte de la Estrategia Nacional de Seguridad P\u00fablica \u201cM\u00e1xima Presencia\u201d, desde el d\u00eda de hoy se fortalecen los operativos coordinados de fuerzas federales, estatales y municipales. De manera permanente y en todo el municipio se realizar\u00e1n patrullajes, se mantendr\u00e1 presencia policial en lugares estrat\u00e9gicos y se colocar\u00e1n [&hellip;]<\/p>\n","protected":false},"author":4,"featured_media":55318,"comment_status":"closed","ping_status":"closed","sticky":false,"template":"","format":"standard","meta":{"_jetpack_newsletter_access":"","_jetpack_dont_email_post_to_subs":false,"_jetpack_newsletter_tier_id":0,"_jetpack_memberships_contains_paywalled_content":false,"_jetpack_feature_clip_id":0,"_jetpack_memberships_contains_paid_content":false,"footnotes":"","jetpack_publicize_message":"","jetpack_publicize_feature_enabled":true,"jetpack_social_post_already_shared":true,"jetpack_social_options":{"image_generator_settings":{"template":"highway","default_image_id":0,"font":"","enabled":false},"version":2},"jetpack_post_was_ever_published":false},"categories":[3372,356],"tags":[],"class_list":["post-55316","post","type-post","status-publish","format-standard","has-post-thumbnail","hentry","category-gobierno-tuxpan","category-veracruz"],"jetpack_publicize_connections":[],"jetpack_sharing_enabled":true,"publishpress_future_action":{"enabled":false,"date":"2026-09-07 22:23:14","action":"change-status","newStatus":"draft","terms":[],"taxonomy":"category","extraData":[]},"publishpress_future_workflow_manual_trigger":{"enabledWorkflows":[]},"jetpack_featured_media_url":"https:\/\/noticiasveracruz.com\/wp-content\/uploads\/2025\/04\/WhatsApp-Image-2025-04-26-at-13.54.12-1.jpeg","_links":{"self":[{"href":"https:\/\/noticiasveracruz.com\/index.php\/wp-json\/wp\/v2\/posts\/55316","targetHints":{"allow":["GET"]}}],"collection":[{"href":"https:\/\/noticiasveracruz.com\/index.php\/wp-json\/wp\/v2\/posts"}],"about":[{"href":"https:\/\/noticiasveracruz.com\/index.php\/wp-json\/wp\/v2\/types\/post"}],"author":[{"embeddable":true,"href":"https:\/\/noticiasveracruz.com\/index.php\/wp-json\/wp\/v2\/users\/4"}],"replies":[{"embeddable":true,"href":"https:\/\/noticiasveracruz.com\/index.php\/wp-json\/wp\/v2\/comments?post=55316"}],"version-history":[{"count":0,"href":"https:\/\/noticiasveracruz.com\/index.php\/wp-json\/wp\/v2\/posts\/55316\/revisions"}],"wp:featuredmedia":[{"embeddable":true,"href":"https:\/\/noticiasveracruz.com\/index.php\/wp-json\/wp\/v2\/media\/55318"}],"wp:attachment":[{"href":"https:\/\/noticiasveracruz.com\/index.php\/wp-json\/wp\/v2\/media?parent=55316"}],"wp:term":[{"taxonomy":"category","embeddable":true,"href":"https:\/\/noticiasveracruz.com\/index.php\/wp-json\/wp\/v2\/categories?post=55316"},{"taxonomy":"post_tag","embeddable":true,"href":"https:\/\/noticiasveracruz.com\/index.php\/wp-json\/wp\/v2\/tags?post=55316"}],"curies":[{"name":"wp","href":"https:\/\/api.w.org\/{rel}","templated":true}]}}