{"id":55304,"date":"2025-04-26T03:46:09","date_gmt":"2025-04-26T09:46:09","guid":{"rendered":"https:\/\/noticiasveracruz.com\/?p=55304"},"modified":"2025-04-26T03:46:09","modified_gmt":"2025-04-26T09:46:09","slug":"blinda-aguascalientes-la-tauromaquia-la-convierte-en-patrimonio-cultural","status":"publish","type":"post","link":"https:\/\/noticiasveracruz.com\/index.php\/2025\/04\/26\/blinda-aguascalientes-la-tauromaquia-la-convierte-en-patrimonio-cultural\/","title":{"rendered":"Blinda Aguascalientes la tauromaquia; la convierte en patrimonio cultural"},"content":{"rendered":"<div id=\"article-content-tts\" class=\"nota-contenido mb-5\">\n<div id=\"content_nitf\">\n<p>El gobierno estatal public\u00f3 este viernes el Decreto 171 que blinda constitucionalmente a la tauromaquia y a la charrer\u00eda como parte del patrimonio cultural de Aguascalientes.<\/p>\n<p>La reforma, difundida este 25 de abril en el Peri\u00f3dico Oficial del Estado (POE), modifica diversos art\u00edculos de la Constituci\u00f3n local, entre ellos el 10, 20, 40, 70 y 70 A, para garantizar la promoci\u00f3n, protecci\u00f3n y difusi\u00f3n de tradiciones como la charrer\u00eda y las corridas de toros.<\/p>\n<p>Ambas expresiones quedaron reconocidas como \u201ctradiciones culturales emblem\u00e1ticas\u201d, vinculadas directamente con la identidad del estado y la feria nacional de San Marcos.<\/p>\n<p>El POE publicado la tarde de este viernes destaca en el art\u00edculo 70 que: \u201cEl estado velar\u00e1 por la conservaci\u00f3n y continuidad de las especies animales que son emblem\u00e1ticas, representativas y que constituyen s\u00edmbolos de la identidad de Aguascalientes\u201d.<\/p>\n<p>Igualmente, se se\u00f1ala que dichas tradiciones ser\u00e1n protegidas siempre bajo el respeto a los derechos humanos y al bienestar animal.<\/p>\n<p>En el nuevo p\u00e1rrafo del art\u00edculo 70 A se puntualiza que la ley deber\u00e1 establecer los mecanismos que aseguren su \u201csustentabilidad cultural, ambiental y econ\u00f3mica\u201d, as\u00ed como los derechos de quienes participan en estas actividades.<\/p>\n<p>El decreto entrar\u00e1 en vigor al d\u00eda siguiente de su publicaci\u00f3n y se da en un contexto en el que Aguascalientes busca consolidarse como basti\u00f3n de la fiesta brava, frente a los cuestionamientos legales y sociales que han limitado o prohibido las corridas de toros en otras entidades.<\/p>\n<p>En entrevista con\u00a0<i>La Jornada<\/i>, el diputado y fundador de Morena en la entidad, Fernando Alf\u00e9rez Barbosa, se\u00f1al\u00f3 que \u201cAguascalientes tiene que ser analizado en el contexto de su identidad cultural y a trav\u00e9s de sus tradiciones, las cuales tienen que ver con expresiones de siglos. Queramos o no, Aguascalientes es una entidad taurina\u201d.<\/p>\n<\/div>\n<\/div>\n<div class=\"notas-relacionadas\"><\/div>\n<div class=\"nota-tags\"><\/div>\n","protected":false},"excerpt":{"rendered":"<p>El gobierno estatal public\u00f3 este viernes el Decreto 171 que blinda constitucionalmente a la tauromaquia y a la charrer\u00eda como parte del patrimonio cultural de Aguascalientes. La reforma, difundida este 25 de abril en el Peri\u00f3dico Oficial del Estado (POE), modifica diversos art\u00edculos de la Constituci\u00f3n local, entre ellos el 10, 20, 40, 70 y [&hellip;]<\/p>\n","protected":false},"author":4,"featured_media":55305,"comment_status":"closed","ping_status":"closed","sticky":false,"template":"","format":"standard","meta":{"_jetpack_newsletter_access":"","_jetpack_dont_email_post_to_subs":false,"_jetpack_newsletter_tier_id":0,"_jetpack_memberships_contains_paywalled_content":false,"_jetpack_feature_clip_id":0,"_jetpack_memberships_contains_paid_content":false,"footnotes":"","jetpack_publicize_message":"","jetpack_publicize_feature_enabled":true,"jetpack_social_post_already_shared":true,"jetpack_social_options":{"image_generator_settings":{"template":"highway","default_image_id":0,"font":"","enabled":false},"version":2},"jetpack_post_was_ever_published":false},"categories":[145],"tags":[],"class_list":["post-55304","post","type-post","status-publish","format-standard","has-post-thumbnail","hentry","category-estados"],"jetpack_publicize_connections":[],"jetpack_sharing_enabled":true,"publishpress_future_action":{"enabled":false,"date":"2026-09-07 21:38:12","action":"change-status","newStatus":"draft","terms":[],"taxonomy":"category","extraData":[]},"publishpress_future_workflow_manual_trigger":{"enabledWorkflows":[]},"jetpack_featured_media_url":"https:\/\/noticiasveracruz.com\/wp-content\/uploads\/2025\/04\/TOR-1.jpg","_links":{"self":[{"href":"https:\/\/noticiasveracruz.com\/index.php\/wp-json\/wp\/v2\/posts\/55304","targetHints":{"allow":["GET"]}}],"collection":[{"href":"https:\/\/noticiasveracruz.com\/index.php\/wp-json\/wp\/v2\/posts"}],"about":[{"href":"https:\/\/noticiasveracruz.com\/index.php\/wp-json\/wp\/v2\/types\/post"}],"author":[{"embeddable":true,"href":"https:\/\/noticiasveracruz.com\/index.php\/wp-json\/wp\/v2\/users\/4"}],"replies":[{"embeddable":true,"href":"https:\/\/noticiasveracruz.com\/index.php\/wp-json\/wp\/v2\/comments?post=55304"}],"version-history":[{"count":0,"href":"https:\/\/noticiasveracruz.com\/index.php\/wp-json\/wp\/v2\/posts\/55304\/revisions"}],"wp:featuredmedia":[{"embeddable":true,"href":"https:\/\/noticiasveracruz.com\/index.php\/wp-json\/wp\/v2\/media\/55305"}],"wp:attachment":[{"href":"https:\/\/noticiasveracruz.com\/index.php\/wp-json\/wp\/v2\/media?parent=55304"}],"wp:term":[{"taxonomy":"category","embeddable":true,"href":"https:\/\/noticiasveracruz.com\/index.php\/wp-json\/wp\/v2\/categories?post=55304"},{"taxonomy":"post_tag","embeddable":true,"href":"https:\/\/noticiasveracruz.com\/index.php\/wp-json\/wp\/v2\/tags?post=55304"}],"curies":[{"name":"wp","href":"https:\/\/api.w.org\/{rel}","templated":true}]}}