{"id":55289,"date":"2025-04-26T03:38:35","date_gmt":"2025-04-26T09:38:35","guid":{"rendered":"https:\/\/noticiasveracruz.com\/?p=55289"},"modified":"2025-04-26T03:38:35","modified_gmt":"2025-04-26T09:38:35","slug":"en-relacion-con-eu-nunca-se-pondra-en-riesgo-soberania-de-mexico-sheinbaum","status":"publish","type":"post","link":"https:\/\/noticiasveracruz.com\/index.php\/2025\/04\/26\/en-relacion-con-eu-nunca-se-pondra-en-riesgo-soberania-de-mexico-sheinbaum\/","title":{"rendered":"En relaci\u00f3n con EU, nunca se pondr\u00e1 en riesgo soberan\u00eda de M\u00e9xico: Sheinbaum"},"content":{"rendered":"<p class=\"nota-justify\">En la relaci\u00f3n con el gobierno de Donald Trump, nunca pondremos en riesgo la soberan\u00eda de M\u00e9xico, afirm\u00f3 la presidenta Claudia Sheinbaum Pardo al referirse a la nueva din\u00e1mica bilateral con Washington.<\/p>\n<p>Envi\u00f3 un mensaje para que se escuche desde este punto del sureste del pa\u00eds hasta la frontera con el vecino del norte: \u201cM\u00e9xico es un pa\u00eds libre, independiente y soberano\u201d.<\/p>\n<p class=\"nota-justify\">Al encabezar el arranque del Programa Nacional de Vivienda en Quintana Roo, en un predio de una de las zonas urbano-popular de este municipio \u2014cercano al \u00e1rea tur\u00edstica de Canc\u00fan\u2014, la jefa del Ejecutivo federal reitero su posici\u00f3n ante la nueva geopol\u00edtica regional marcada por la llegada del magnate a la Casa Blanca.<\/p>\n<p>\u201cQuiero cerrar con lo siguiente, ahora que hemos tenido esta relaci\u00f3n con el gobierno de Estados Unidos, es muy importante que sepan ustedes que nunca vamos a poner el riesgo la soberan\u00eda del pa\u00eds, porque eso lo hemos conseguido las mexicanas y los mexicanos hist\u00f3ricamente. Que se oiga bien que se oiga fuerte de aqu\u00ed a la frontera norte: M\u00e9xico es un pa\u00eds libre, independiente y soberano\u201d, subray\u00f3.<\/p>\n<p>En otro tema, la mandataria insisti\u00f3 en la importancia que la ciudadan\u00eda participe en la elecci\u00f3n de integrantes del Poder Judicial el pr\u00f3ximo 1 de junio.<\/p>\n<p>\u201cVamos a sanear entre todos al Poder Judicial porque va a votar el pueblo de M\u00e9xico\u201d, remarc\u00f3, a la par que sostuvo que con ese proceso M\u00e9xico se convertir\u00e1 en el pa\u00eds \u201cm\u00e1s democr\u00e1tico del mundo\u201d.<\/p>\n<p><strong>\u201c\u00a1Ya no se construyen huevitos!\u201d<\/strong><\/p>\n<p>Al referirse al programa de vivienda que impulsa su administraci\u00f3n, Sheinbaum Pardo indic\u00f3 que la meta al inicio era de construir un mill\u00f3n de casas a lo largo de este sexenio, la cual ha subido un diez por ciento y el objetivo final es de un mill\u00f3n 100 mil espacios habitacionales.<\/p>\n<p>Asever\u00f3 que el proyecto gubernamental no s\u00f3lo incluye el tradicional cr\u00e9dito para acceder al derecho a la vivienda, sino que ahora el Infonavit, el Fovissste y la Comisi\u00f3n Nacional de Vivienda tendr\u00e1 la facultad de construir unidades habitacionales.<\/p>\n<p>\u201cSon casas de 60 metros cuadrados, por ejemplo, no los huevitos de 35 metros cuadrados que se hicieron durante tantos a\u00f1os. \u00a1Ya no se construyen huevitos!\u201d, acentu\u00f3.<\/p>\n<p>La presidenta dej\u00f3 claro que se priorizar\u00e1 a los derechohabientes y trabajadores del Estado que perciban ingresos de uno a dos salarios m\u00ednimos, as\u00ed como a quienes no est\u00e1n afiliados a la seguridad social. \u201cEs decir, los que menos ganan\u201d.<\/p>\n<p>En el pasado, dijo, los cr\u00e9ditos para esos sectores eran muy bajos, con lo que resultaba casi imposible hacerse de una vivienda digna, pues se lucraba con el acceso a \u00e9stas. Se constru\u00edan en lugares lejanos a los centros de producci\u00f3n, sin servicios b\u00e1sicos y en zonas de dif\u00edcil acceso al transporte.<\/p>\n<p>\u201cY lo peor, cr\u00e9ditos impagables, que cada vez que no pagaban se deb\u00eda m\u00e1s, y a muchos de quienes deb\u00edan \u2014en su gobierno\u2014 se les est\u00e1 quitando los cr\u00e9ditos\u201d.<\/p>\n<p>En el pasado \u201cera un negocio, un privilegio, una corruptela; ahora es un derecho del pueblo de M\u00e9xico (\u2026) La vivienda en M\u00e9xico es un derecho del pueblo, no es una mercanc\u00eda ni un privilegio\u201d, puntualiz\u00f3.<\/p>\n<p>De su lado, el titular del Infonavit, Octavio Romero Oropeza, detall\u00f3 que en este gobierno se dar\u00e1n beneficios a 4 millones de derechohabientes que tienen cr\u00e9ditos \u201cimpagables\u201d derivado de la corrupci\u00f3n en el instituto durante los gobiernos neoliberales.<\/p>\n<p>De ese total, deline\u00f3, 625 mil ya recibieron congelamiento, quinta de intereses, de mensualidades y saldos; en mayo otros 240 mil recibir\u00e1n los mismos beneficios y medio mill\u00f3n en julio de este a\u00f1o.<\/p>\n<p>Con ello, \u201chabremos resuelto un mill\u00f3n 365 mil cr\u00e9ditos impagables de manera definitiva\u201d.<\/p>\n<p>Agreg\u00f3 que en el \u00faltimo trimestre de 2025, se iniciar\u00e1n los profesos de reestructuraci\u00f3n de cr\u00e9ditos para un mill\u00f3n 700 mil personas m\u00e1s; en tanto que los 960 mil restantes \u201clos estamos atendiendo desde principios de este a\u00f1o en los centros de servicio infonavit\u201d.<\/p>\n","protected":false},"excerpt":{"rendered":"<p>En la relaci\u00f3n con el gobierno de Donald Trump, nunca pondremos en riesgo la soberan\u00eda de M\u00e9xico, afirm\u00f3 la presidenta Claudia Sheinbaum Pardo al referirse a la nueva din\u00e1mica bilateral con Washington. Envi\u00f3 un mensaje para que se escuche desde este punto del sureste del pa\u00eds hasta la frontera con el vecino del norte: \u201cM\u00e9xico [&hellip;]<\/p>\n","protected":false},"author":4,"featured_media":55290,"comment_status":"closed","ping_status":"closed","sticky":false,"template":"","format":"standard","meta":{"_jetpack_newsletter_access":"","_jetpack_dont_email_post_to_subs":false,"_jetpack_newsletter_tier_id":0,"_jetpack_memberships_contains_paywalled_content":false,"_jetpack_feature_clip_id":0,"_jetpack_memberships_contains_paid_content":false,"footnotes":"","jetpack_publicize_message":"","jetpack_publicize_feature_enabled":true,"jetpack_social_post_already_shared":true,"jetpack_social_options":{"image_generator_settings":{"template":"highway","default_image_id":0,"font":"","enabled":false},"version":2},"jetpack_post_was_ever_published":false},"categories":[4],"tags":[],"class_list":["post-55289","post","type-post","status-publish","format-standard","has-post-thumbnail","hentry","category-nacional"],"jetpack_publicize_connections":[],"jetpack_sharing_enabled":true,"publishpress_future_action":{"enabled":false,"date":"2026-09-07 22:22:19","action":"change-status","newStatus":"draft","terms":[],"taxonomy":"category","extraData":[]},"publishpress_future_workflow_manual_trigger":{"enabledWorkflows":[]},"jetpack_featured_media_url":"https:\/\/noticiasveracruz.com\/wp-content\/uploads\/2025\/04\/FGGHH.jpg","_links":{"self":[{"href":"https:\/\/noticiasveracruz.com\/index.php\/wp-json\/wp\/v2\/posts\/55289","targetHints":{"allow":["GET"]}}],"collection":[{"href":"https:\/\/noticiasveracruz.com\/index.php\/wp-json\/wp\/v2\/posts"}],"about":[{"href":"https:\/\/noticiasveracruz.com\/index.php\/wp-json\/wp\/v2\/types\/post"}],"author":[{"embeddable":true,"href":"https:\/\/noticiasveracruz.com\/index.php\/wp-json\/wp\/v2\/users\/4"}],"replies":[{"embeddable":true,"href":"https:\/\/noticiasveracruz.com\/index.php\/wp-json\/wp\/v2\/comments?post=55289"}],"version-history":[{"count":0,"href":"https:\/\/noticiasveracruz.com\/index.php\/wp-json\/wp\/v2\/posts\/55289\/revisions"}],"wp:featuredmedia":[{"embeddable":true,"href":"https:\/\/noticiasveracruz.com\/index.php\/wp-json\/wp\/v2\/media\/55290"}],"wp:attachment":[{"href":"https:\/\/noticiasveracruz.com\/index.php\/wp-json\/wp\/v2\/media?parent=55289"}],"wp:term":[{"taxonomy":"category","embeddable":true,"href":"https:\/\/noticiasveracruz.com\/index.php\/wp-json\/wp\/v2\/categories?post=55289"},{"taxonomy":"post_tag","embeddable":true,"href":"https:\/\/noticiasveracruz.com\/index.php\/wp-json\/wp\/v2\/tags?post=55289"}],"curies":[{"name":"wp","href":"https:\/\/api.w.org\/{rel}","templated":true}]}}