{"id":55286,"date":"2025-04-26T03:31:32","date_gmt":"2025-04-26T09:31:32","guid":{"rendered":"https:\/\/noticiasveracruz.com\/?p=55286"},"modified":"2025-04-26T03:31:32","modified_gmt":"2025-04-26T09:31:32","slug":"sheinbaum-inaugurara-el-hospital-materno-infantil","status":"publish","type":"post","link":"https:\/\/noticiasveracruz.com\/index.php\/2025\/04\/26\/sheinbaum-inaugurara-el-hospital-materno-infantil\/","title":{"rendered":"Sheinbaum inaugurar\u00e1 el   hospital Materno infantil"},"content":{"rendered":"<p>La presidenta Claudia Sheinbaum ser\u00e1 quien inaugure el hospital materno infantil de Coatzacoalcos, confirm\u00f3 la gobernadora de Veracruz Roc\u00edo Nahle Garc\u00eda.<\/p>\n<p>Explic\u00f3 que su apertura se realizar\u00e1 en el segundo semestre del 2025, una vez pase el proceso electoral del 1 de junio.<\/p>\n<p>\u201cDespu\u00e9s de las elecciones posiblemente la presidenta \u00e9ste en posibilidades de ir a inaugurar para darle el servicio a toda la gente del sur de Veracruz y de Oaxaca, Tabasco, de toda la zona, Chiapas, atender a la poblaci\u00f3n\u201d, coment\u00f3.<\/p>\n<p>En el marco de un recorrido que realiz\u00f3 en la unidad m\u00e9dica, explic\u00f3 que el hospital operar\u00e1 con mil 200 plazas, aunque en una primera etapa ser\u00e1n 750 los trabajadores que estar\u00e1n brindando la atenci\u00f3n.<\/p>\n<p>\u201cQuiero decirles que no es por presumir, pero es el mejor hospital que se tiene, yo creo que en todo el sur del pa\u00eds.<\/p>\n<p>Le dije ahorita al alcalde (Amado Cruz Malpica) qu\u00e9 es la 4T, cuando entren y vean, esto es la 4T, los equipos, los quir\u00f3fanos, las salas de hospitalizaci\u00f3n, con una tecnolog\u00eda de punta, no lo tienen ni los hospitales privados\u201d, indic\u00f3.<\/p>\n<p>La Gobernadora destac\u00f3 la importancia de este hospital para la regi\u00f3n, al contar con tecnolog\u00eda de punta, 135 camas y un equipamiento integral.<\/p>\n<p>El recorrido lo realiz\u00f3 al director general del IMSS-Bienestar, Alejandro Svarch P\u00e9rez y el alcalde de Coatzacoalcos Amado Cruz Malpica.<\/p>\n","protected":false},"excerpt":{"rendered":"<p>La presidenta Claudia Sheinbaum ser\u00e1 quien inaugure el hospital materno infantil de Coatzacoalcos, confirm\u00f3 la gobernadora de Veracruz Roc\u00edo Nahle Garc\u00eda. Explic\u00f3 que su apertura se realizar\u00e1 en el segundo semestre del 2025, una vez pase el proceso electoral del 1 de junio. \u201cDespu\u00e9s de las elecciones posiblemente la presidenta \u00e9ste en posibilidades de ir [&hellip;]<\/p>\n","protected":false},"author":4,"featured_media":55287,"comment_status":"closed","ping_status":"closed","sticky":false,"template":"","format":"standard","meta":{"_jetpack_newsletter_access":"","_jetpack_dont_email_post_to_subs":false,"_jetpack_newsletter_tier_id":0,"_jetpack_memberships_contains_paywalled_content":false,"_jetpack_feature_clip_id":0,"_jetpack_memberships_contains_paid_content":false,"footnotes":"","jetpack_publicize_message":"","jetpack_publicize_feature_enabled":true,"jetpack_social_post_already_shared":true,"jetpack_social_options":{"image_generator_settings":{"template":"highway","default_image_id":0,"font":"","enabled":false},"version":2},"jetpack_post_was_ever_published":false},"categories":[356],"tags":[],"class_list":["post-55286","post","type-post","status-publish","format-standard","has-post-thumbnail","hentry","category-veracruz"],"jetpack_publicize_connections":[],"jetpack_sharing_enabled":true,"publishpress_future_action":{"enabled":false,"date":"2026-09-07 22:21:47","action":"change-status","newStatus":"draft","terms":[],"taxonomy":"category","extraData":[]},"publishpress_future_workflow_manual_trigger":{"enabledWorkflows":[]},"jetpack_featured_media_url":"https:\/\/noticiasveracruz.com\/wp-content\/uploads\/2025\/04\/10b1-1.jpg","_links":{"self":[{"href":"https:\/\/noticiasveracruz.com\/index.php\/wp-json\/wp\/v2\/posts\/55286","targetHints":{"allow":["GET"]}}],"collection":[{"href":"https:\/\/noticiasveracruz.com\/index.php\/wp-json\/wp\/v2\/posts"}],"about":[{"href":"https:\/\/noticiasveracruz.com\/index.php\/wp-json\/wp\/v2\/types\/post"}],"author":[{"embeddable":true,"href":"https:\/\/noticiasveracruz.com\/index.php\/wp-json\/wp\/v2\/users\/4"}],"replies":[{"embeddable":true,"href":"https:\/\/noticiasveracruz.com\/index.php\/wp-json\/wp\/v2\/comments?post=55286"}],"version-history":[{"count":0,"href":"https:\/\/noticiasveracruz.com\/index.php\/wp-json\/wp\/v2\/posts\/55286\/revisions"}],"wp:featuredmedia":[{"embeddable":true,"href":"https:\/\/noticiasveracruz.com\/index.php\/wp-json\/wp\/v2\/media\/55287"}],"wp:attachment":[{"href":"https:\/\/noticiasveracruz.com\/index.php\/wp-json\/wp\/v2\/media?parent=55286"}],"wp:term":[{"taxonomy":"category","embeddable":true,"href":"https:\/\/noticiasveracruz.com\/index.php\/wp-json\/wp\/v2\/categories?post=55286"},{"taxonomy":"post_tag","embeddable":true,"href":"https:\/\/noticiasveracruz.com\/index.php\/wp-json\/wp\/v2\/tags?post=55286"}],"curies":[{"name":"wp","href":"https:\/\/api.w.org\/{rel}","templated":true}]}}