{"id":55283,"date":"2025-04-26T03:30:50","date_gmt":"2025-04-26T09:30:50","guid":{"rendered":"https:\/\/noticiasveracruz.com\/?p=55283"},"modified":"2025-04-26T03:30:50","modified_gmt":"2025-04-26T09:30:50","slug":"arranca-semana-nacional-de-vacunacion","status":"publish","type":"post","link":"https:\/\/noticiasveracruz.com\/index.php\/2025\/04\/26\/arranca-semana-nacional-de-vacunacion\/","title":{"rendered":"Arranca Semana   Nacional de Vacunaci\u00f3n"},"content":{"rendered":"<p>La gobernadora Roc\u00edo Nahle Garc\u00eda y el director general del IMSS-Bienestar, Alejandro Svarch P\u00e9rez, encabezaron el arranque de la primera Semana Nacional de Vacunaci\u00f3n; resaltaron el trabajo conjunto con diversas instituciones, conforme a la pol\u00edtica nacional de prevenci\u00f3n impulsada por la presidenta Claudia Sheinbaum Pardo.<\/p>\n<p>\u00abQueremos un Veracruz sano y por eso nos vamos a acercar a la gente, y si hace falta personal le pedimos a las Fuerzas Armadas y a la Marina apoyo para llegar a los 212 municipios y las 22 mil comunidades del estado\u201d, afirm\u00f3 la Mandataria.<\/p>\n<p>El representante federal explic\u00f3 que, para el IMSS-Bienestar, vacunar es construir un pa\u00eds donde nacer no signifique estar en desventaja, por ello, el compromiso es aplicar m\u00e1s de medio mill\u00f3n de dosis esta semana, lo que representa m\u00e1s de una tercera parte del esfuerzo nacional y, para lograrlo, se dispuso de seis mil vacunadores y vacunadoras desplegados en unidades m\u00e9dicas, escuelas, plazas p\u00fablicas y comunidades rurales en Veracruz.<\/p>\n<p>Con el compromiso de alcanzar una cobertura del 95 por ciento y proteger a la poblaci\u00f3n contra 20 enfermedades prevenibles, el Gobierno de Veracruz aplicar\u00e1 de manera gratuita 672 mil 319 dosis de 14 vacunas del esquema b\u00e1sico, explic\u00f3 el secretario de Salud, Valent\u00edn Herrera Alarc\u00f3n.<\/p>\n<p>Agreg\u00f3 que, del 26 de abril al 03 de mayo, se contempla la inmunizaci\u00f3n contra tuberculosis, sarampi\u00f3n, rub\u00e9ola, tosferina, poliomielitis, t\u00e9tanos, difteria, hepatitis B, influenza y COVID-19, dando prioridad a completar esquemas en ni\u00f1as y ni\u00f1os desde el nacimiento hasta los 9 a\u00f1os, as\u00ed como en mujeres embarazadas y personas mayores de 60 a\u00f1os.<\/p>\n<p>Durante el arranque se aplicaron dosis a personas de distintos grupos de edad, como muestra del car\u00e1cter incluyente de esta jornada: desde beb\u00e9s hasta adultos mayores, incluyendo a mujeres embarazadas.<\/p>\n<p>Bajo el lema Vacunarse es Salud, la Secretar\u00eda de Salud reafirma su compromiso de brindar atenci\u00f3n profesional, c\u00e1lida y de calidad, con orientaci\u00f3n personalizada para asegurar que cada persona reciba el esquema correspondiente.<\/p>\n<p>La campa\u00f1a de vacunaci\u00f3n es permanente y las personas que no cuenten con su Cartilla Nacional de Salud pueden acudir a su unidad m\u00e9dica o a los m\u00f3dulos itinerantes que ser\u00e1n instalados en distintos puntos del estado para recibir la vacuna indicada seg\u00fan su grupo de edad y condici\u00f3n de salud.<\/p>\n","protected":false},"excerpt":{"rendered":"<p>La gobernadora Roc\u00edo Nahle Garc\u00eda y el director general del IMSS-Bienestar, Alejandro Svarch P\u00e9rez, encabezaron el arranque de la primera Semana Nacional de Vacunaci\u00f3n; resaltaron el trabajo conjunto con diversas instituciones, conforme a la pol\u00edtica nacional de prevenci\u00f3n impulsada por la presidenta Claudia Sheinbaum Pardo. \u00abQueremos un Veracruz sano y por eso nos vamos a [&hellip;]<\/p>\n","protected":false},"author":4,"featured_media":55284,"comment_status":"closed","ping_status":"closed","sticky":false,"template":"","format":"standard","meta":{"_jetpack_newsletter_access":"","_jetpack_dont_email_post_to_subs":false,"_jetpack_newsletter_tier_id":0,"_jetpack_memberships_contains_paywalled_content":false,"_jetpack_feature_clip_id":0,"_jetpack_memberships_contains_paid_content":false,"footnotes":"","jetpack_publicize_message":"","jetpack_publicize_feature_enabled":true,"jetpack_social_post_already_shared":true,"jetpack_social_options":{"image_generator_settings":{"template":"highway","default_image_id":0,"font":"","enabled":false},"version":2},"jetpack_post_was_ever_published":false},"categories":[356],"tags":[],"class_list":["post-55283","post","type-post","status-publish","format-standard","has-post-thumbnail","hentry","category-veracruz"],"jetpack_publicize_connections":[],"jetpack_sharing_enabled":true,"publishpress_future_action":{"enabled":false,"date":"2026-09-07 22:22:16","action":"change-status","newStatus":"draft","terms":[],"taxonomy":"category","extraData":[]},"publishpress_future_workflow_manual_trigger":{"enabledWorkflows":[]},"jetpack_featured_media_url":"https:\/\/noticiasveracruz.com\/wp-content\/uploads\/2025\/04\/9a-14-scaled.jpg","_links":{"self":[{"href":"https:\/\/noticiasveracruz.com\/index.php\/wp-json\/wp\/v2\/posts\/55283","targetHints":{"allow":["GET"]}}],"collection":[{"href":"https:\/\/noticiasveracruz.com\/index.php\/wp-json\/wp\/v2\/posts"}],"about":[{"href":"https:\/\/noticiasveracruz.com\/index.php\/wp-json\/wp\/v2\/types\/post"}],"author":[{"embeddable":true,"href":"https:\/\/noticiasveracruz.com\/index.php\/wp-json\/wp\/v2\/users\/4"}],"replies":[{"embeddable":true,"href":"https:\/\/noticiasveracruz.com\/index.php\/wp-json\/wp\/v2\/comments?post=55283"}],"version-history":[{"count":0,"href":"https:\/\/noticiasveracruz.com\/index.php\/wp-json\/wp\/v2\/posts\/55283\/revisions"}],"wp:featuredmedia":[{"embeddable":true,"href":"https:\/\/noticiasveracruz.com\/index.php\/wp-json\/wp\/v2\/media\/55284"}],"wp:attachment":[{"href":"https:\/\/noticiasveracruz.com\/index.php\/wp-json\/wp\/v2\/media?parent=55283"}],"wp:term":[{"taxonomy":"category","embeddable":true,"href":"https:\/\/noticiasveracruz.com\/index.php\/wp-json\/wp\/v2\/categories?post=55283"},{"taxonomy":"post_tag","embeddable":true,"href":"https:\/\/noticiasveracruz.com\/index.php\/wp-json\/wp\/v2\/tags?post=55283"}],"curies":[{"name":"wp","href":"https:\/\/api.w.org\/{rel}","templated":true}]}}