{"id":55280,"date":"2025-04-26T03:29:27","date_gmt":"2025-04-26T09:29:27","guid":{"rendered":"https:\/\/noticiasveracruz.com\/?p=55280"},"modified":"2025-04-26T03:29:27","modified_gmt":"2025-04-26T09:29:27","slug":"hmi-ejemplo-de-infraestructura-medica-de-la-4t","status":"publish","type":"post","link":"https:\/\/noticiasveracruz.com\/index.php\/2025\/04\/26\/hmi-ejemplo-de-infraestructura-medica-de-la-4t\/","title":{"rendered":"HMI ejemplo de   infraestructura   m\u00e9dica de la 4T"},"content":{"rendered":"<p>La gobernadora Roc\u00edo Nahle Garc\u00eda y el director general del IMSS-Bienestar, Alejandro Svarch P\u00e9rez, supervisaron el Hospital Materno Infantil de Coatzacoalcos, integrado al Programa de Rehabilitaci\u00f3n de Hospitales y Centros de Salud, con el prop\u00f3sito de consolidar un sistema p\u00fablico gratuito y de calidad.<\/p>\n<p>Acompa\u00f1ados por el secretario de Salud, Valent\u00edn Herrera Alarc\u00f3n; el alcalde Amado Cruz Malpica, y la coordinadora federal del IMSS-Bienestar en Veracruz, Romana Guti\u00e9rrez Polo, recorrieron las \u00e1reas de consulta externa, urgencias, hospitalizaci\u00f3n, sala de choque, recuperaci\u00f3n postparto, quir\u00f3fano de tococirug\u00eda, imagenolog\u00eda \u2014con tom\u00f3grafo, fluoroscop\u00eda y rayos X\u2014, as\u00ed como el laboratorio cl\u00ednico y los quir\u00f3fanos generales.<\/p>\n<p>Tras el recorrido, la Gobernadora destac\u00f3 la importancia de este hospital para la regi\u00f3n, al contar con tecnolog\u00eda de punta, 135 camas y un equipamiento integral.<\/p>\n<p>\u201cYa se inici\u00f3 el proceso de contrataci\u00f3n del personal, en una primera etapa ingresar\u00e1n 750 trabajadores, rumbo a una plantilla total de mil 200 personas. Est\u00e1n en capacitaci\u00f3n las enfermeras, y vamos a apoyar al IMSS-Bienestar en la convocatoria para cubrir plazas de especialistas y anestesi\u00f3logos\u201d, explic\u00f3 a medios de comunicaci\u00f3n.<\/p>\n<p>Record\u00f3 que este hospital comenz\u00f3 a construirse en 2014, pero fue abandonado durante seis a\u00f1os y en 2019 incluso fue clasificado como da\u00f1o patrimonial debido a pagos indebidos.<\/p>\n<p>\u201cEra una deuda pendiente con el sur, pero no s\u00f3lo con esta regi\u00f3n: este hospital tambi\u00e9n atender\u00e1 a poblaci\u00f3n del Istmo de Oaxaca, Mat\u00edas Romero, Los Tuxtlas, la Sierra, y hasta de Tabasco y Chiapas\u00bb.<\/p>\n<p><span id=\"_GoBack\"><\/span>Finalmente, subray\u00f3 que este proyecto representa con claridad los principios de la Cuarta Transformaci\u00f3n, \u201ccuando pregunten qu\u00e9 es la 4T, tr\u00e1iganlos aqu\u00ed. Que vean los quir\u00f3fanos, los laboratorios, las salas de hospitalizaci\u00f3n. Esta es la Cuarta Transformaci\u00f3n: un sistema de salud p\u00fablico, gratuito y con tecnolog\u00eda de punta que no tienen ni los hospitales privados\u201d.<\/p>\n","protected":false},"excerpt":{"rendered":"<p>La gobernadora Roc\u00edo Nahle Garc\u00eda y el director general del IMSS-Bienestar, Alejandro Svarch P\u00e9rez, supervisaron el Hospital Materno Infantil de Coatzacoalcos, integrado al Programa de Rehabilitaci\u00f3n de Hospitales y Centros de Salud, con el prop\u00f3sito de consolidar un sistema p\u00fablico gratuito y de calidad. Acompa\u00f1ados por el secretario de Salud, Valent\u00edn Herrera Alarc\u00f3n; el alcalde [&hellip;]<\/p>\n","protected":false},"author":4,"featured_media":55281,"comment_status":"closed","ping_status":"closed","sticky":false,"template":"","format":"standard","meta":{"_jetpack_newsletter_access":"","_jetpack_dont_email_post_to_subs":false,"_jetpack_newsletter_tier_id":0,"_jetpack_memberships_contains_paywalled_content":false,"_jetpack_feature_clip_id":0,"_jetpack_memberships_contains_paid_content":false,"footnotes":"","jetpack_publicize_message":"","jetpack_publicize_feature_enabled":true,"jetpack_social_post_already_shared":true,"jetpack_social_options":{"image_generator_settings":{"template":"highway","default_image_id":0,"font":"","enabled":false},"version":2},"jetpack_post_was_ever_published":false},"categories":[356],"tags":[],"class_list":["post-55280","post","type-post","status-publish","format-standard","has-post-thumbnail","hentry","category-veracruz"],"jetpack_publicize_connections":[],"jetpack_sharing_enabled":true,"publishpress_future_action":{"enabled":false,"date":"2026-09-07 22:21:47","action":"change-status","newStatus":"draft","terms":[],"taxonomy":"category","extraData":[]},"publishpress_future_workflow_manual_trigger":{"enabledWorkflows":[]},"jetpack_featured_media_url":"https:\/\/noticiasveracruz.com\/wp-content\/uploads\/2025\/04\/9b-13-scaled.jpg","_links":{"self":[{"href":"https:\/\/noticiasveracruz.com\/index.php\/wp-json\/wp\/v2\/posts\/55280","targetHints":{"allow":["GET"]}}],"collection":[{"href":"https:\/\/noticiasveracruz.com\/index.php\/wp-json\/wp\/v2\/posts"}],"about":[{"href":"https:\/\/noticiasveracruz.com\/index.php\/wp-json\/wp\/v2\/types\/post"}],"author":[{"embeddable":true,"href":"https:\/\/noticiasveracruz.com\/index.php\/wp-json\/wp\/v2\/users\/4"}],"replies":[{"embeddable":true,"href":"https:\/\/noticiasveracruz.com\/index.php\/wp-json\/wp\/v2\/comments?post=55280"}],"version-history":[{"count":0,"href":"https:\/\/noticiasveracruz.com\/index.php\/wp-json\/wp\/v2\/posts\/55280\/revisions"}],"wp:featuredmedia":[{"embeddable":true,"href":"https:\/\/noticiasveracruz.com\/index.php\/wp-json\/wp\/v2\/media\/55281"}],"wp:attachment":[{"href":"https:\/\/noticiasveracruz.com\/index.php\/wp-json\/wp\/v2\/media?parent=55280"}],"wp:term":[{"taxonomy":"category","embeddable":true,"href":"https:\/\/noticiasveracruz.com\/index.php\/wp-json\/wp\/v2\/categories?post=55280"},{"taxonomy":"post_tag","embeddable":true,"href":"https:\/\/noticiasveracruz.com\/index.php\/wp-json\/wp\/v2\/tags?post=55280"}],"curies":[{"name":"wp","href":"https:\/\/api.w.org\/{rel}","templated":true}]}}