{"id":55277,"date":"2025-04-26T03:28:15","date_gmt":"2025-04-26T09:28:15","guid":{"rendered":"https:\/\/noticiasveracruz.com\/?p=55277"},"modified":"2025-04-26T03:28:15","modified_gmt":"2025-04-26T09:28:15","slug":"reconoce-sev-trayectoria-y-vocacion-docente","status":"publish","type":"post","link":"https:\/\/noticiasveracruz.com\/index.php\/2025\/04\/26\/reconoce-sev-trayectoria-y-vocacion-docente\/","title":{"rendered":"Reconoce SEV trayectoria   y vocaci\u00f3n docente"},"content":{"rendered":"<p>En el marco de la celebraci\u00f3n por el 70 aniversario de la escuela primaria Mar\u00eda Guti\u00e9rrez, autoridades de la Direcci\u00f3n General de Educaci\u00f3n Primaria Estatal (DGEPE) sostuvieron una reuni\u00f3n de trabajo con la comunidad educativa del plantel, del municipio de Papantla.<\/p>\n<p>Durante el encuentro, se abordaron temas relevantes para fortalecer la ruta de excelencia educativa que promueve el Gobierno de Veracruz, destacando la importancia del compromiso docente en la formaci\u00f3n integral de las ni\u00f1as y ni\u00f1os veracruzanos.<\/p>\n<p>Se reconoci\u00f3 a maestras, maestros, personal administrativo y de apoyo que, durante siete d\u00e9cadas, han fomentado valores, forjado el car\u00e1cter y desarrollado habilidades cognitivas y emocionales en diversas generaciones de estudiantes.<\/p>\n<p>El profesorado de la instituci\u00f3n refrend\u00f3 su vocaci\u00f3n de servicio y preparaci\u00f3n constante, reafirmando su compromiso con la educaci\u00f3n p\u00fablica de calidad, esencial para el desarrollo de ciudadanos responsables y bien preparados en Veracruz.<\/p>\n","protected":false},"excerpt":{"rendered":"<p>En el marco de la celebraci\u00f3n por el 70 aniversario de la escuela primaria Mar\u00eda Guti\u00e9rrez, autoridades de la Direcci\u00f3n General de Educaci\u00f3n Primaria Estatal (DGEPE) sostuvieron una reuni\u00f3n de trabajo con la comunidad educativa del plantel, del municipio de Papantla. Durante el encuentro, se abordaron temas relevantes para fortalecer la ruta de excelencia educativa [&hellip;]<\/p>\n","protected":false},"author":4,"featured_media":55278,"comment_status":"closed","ping_status":"closed","sticky":false,"template":"","format":"standard","meta":{"_jetpack_newsletter_access":"","_jetpack_dont_email_post_to_subs":false,"_jetpack_newsletter_tier_id":0,"_jetpack_memberships_contains_paywalled_content":false,"_jetpack_feature_clip_id":0,"_jetpack_memberships_contains_paid_content":false,"footnotes":"","jetpack_publicize_message":"","jetpack_publicize_feature_enabled":true,"jetpack_social_post_already_shared":true,"jetpack_social_options":{"image_generator_settings":{"template":"highway","default_image_id":0,"font":"","enabled":false},"version":2},"jetpack_post_was_ever_published":false},"categories":[356],"tags":[],"class_list":["post-55277","post","type-post","status-publish","format-standard","has-post-thumbnail","hentry","category-veracruz"],"jetpack_publicize_connections":[],"jetpack_sharing_enabled":true,"publishpress_future_action":{"enabled":false,"date":"2026-09-07 22:22:18","action":"change-status","newStatus":"draft","terms":[],"taxonomy":"category","extraData":[]},"publishpress_future_workflow_manual_trigger":{"enabledWorkflows":[]},"jetpack_featured_media_url":"https:\/\/noticiasveracruz.com\/wp-content\/uploads\/2025\/04\/9c-10.jpg","_links":{"self":[{"href":"https:\/\/noticiasveracruz.com\/index.php\/wp-json\/wp\/v2\/posts\/55277","targetHints":{"allow":["GET"]}}],"collection":[{"href":"https:\/\/noticiasveracruz.com\/index.php\/wp-json\/wp\/v2\/posts"}],"about":[{"href":"https:\/\/noticiasveracruz.com\/index.php\/wp-json\/wp\/v2\/types\/post"}],"author":[{"embeddable":true,"href":"https:\/\/noticiasveracruz.com\/index.php\/wp-json\/wp\/v2\/users\/4"}],"replies":[{"embeddable":true,"href":"https:\/\/noticiasveracruz.com\/index.php\/wp-json\/wp\/v2\/comments?post=55277"}],"version-history":[{"count":0,"href":"https:\/\/noticiasveracruz.com\/index.php\/wp-json\/wp\/v2\/posts\/55277\/revisions"}],"wp:featuredmedia":[{"embeddable":true,"href":"https:\/\/noticiasveracruz.com\/index.php\/wp-json\/wp\/v2\/media\/55278"}],"wp:attachment":[{"href":"https:\/\/noticiasveracruz.com\/index.php\/wp-json\/wp\/v2\/media?parent=55277"}],"wp:term":[{"taxonomy":"category","embeddable":true,"href":"https:\/\/noticiasveracruz.com\/index.php\/wp-json\/wp\/v2\/categories?post=55277"},{"taxonomy":"post_tag","embeddable":true,"href":"https:\/\/noticiasveracruz.com\/index.php\/wp-json\/wp\/v2\/tags?post=55277"}],"curies":[{"name":"wp","href":"https:\/\/api.w.org\/{rel}","templated":true}]}}