{"id":55209,"date":"2025-04-25T00:02:03","date_gmt":"2025-04-25T06:02:03","guid":{"rendered":"https:\/\/noticiasveracruz.com\/?p=55209"},"modified":"2025-04-24T20:40:40","modified_gmt":"2025-04-25T02:40:40","slug":"sala-regional-requiere-expertos-en-materia-electoral","status":"publish","type":"post","link":"https:\/\/noticiasveracruz.com\/index.php\/2025\/04\/25\/sala-regional-requiere-expertos-en-materia-electoral\/","title":{"rendered":"Sala Regional requiere expertos en materia electoral"},"content":{"rendered":"<p>Es necesario darle a conocer a la poblaci\u00f3n la importancia de salir a votar el 1 de julio por los cargos del Poder Judicial y sobre todo que a trav\u00e9s de la plataforma Con\u00f3celos del Instituto Nacional Electoral (INE) sepan qui\u00e9nes integran las boletas electorales, asever\u00f3 la magistrada Eva Barrientos Zepeda.<\/p>\n<p>La magistrada de la Sala Regional Xalapa del Tribunal Electoral del Poder Judicial de la Federaci\u00f3n y candidata al mismo cargo en el proceso electoral extraordinario, con el n\u00famero 02 de la boleta color salm\u00f3n, consider\u00f3 que este cargo es uno de los que requiere mayor conocimiento.<\/p>\n<p>\u201cConsidero que son las magistraturas con mayor conocimiento, con varios a\u00f1os en la sala, no se puede improvisar, sobre todo en la Sala Xalapa porque resolvemos casos de sistemas normativos internos que en las otras partes de la rep\u00fablica no existen\u201d.<\/p>\n<p>Al recordar que son 7 estados los que conforman la Tercera Circunscripci\u00f3n, entre ellos Oaxaca, con una poblaci\u00f3n de casi 18 millones de personas, dijo que lo que m\u00e1s se resuelve en la Sala Regional Xalapa son sistemas normativos de Oaxaca, en segundo lugar, violencia pol\u00edtica en contra de las mujeres y tambi\u00e9n un buen porcentaje de obstrucci\u00f3n del cargo, es decir, que no las dejan ejercer el cargo.<\/p>\n<p>\u201cSe requiere no solo \u00e9sta expertis, si no la sensibilidad, conocer el contexto de estas poblaciones, he recorrido los estados varias veces, ofrezco esta expertis, honestidad y \u00e9tica. Los que decimos continuar sabemos que hemos hecho las cosas bien porque estamos expuestos al escrutinio p\u00fablico y estamos dando la cara porque hemos hecho las cosas bien\u201d.<\/p>\n<p>Y es que, dijo, se busca seguir haciendo las cosas con perspectiva de g\u00e9nero e intercultural, al tener asuntos tan variados como los estados, Veracruz, Oaxaca, Quintana Roo, Yucat\u00e1n, Chiapas, Campeche y Tabasco.<\/p>\n","protected":false},"excerpt":{"rendered":"<p>Es necesario darle a conocer a la poblaci\u00f3n la importancia de salir a votar el 1 de julio por los cargos del Poder Judicial y sobre todo que a trav\u00e9s de la plataforma Con\u00f3celos del Instituto Nacional Electoral (INE) sepan qui\u00e9nes integran las boletas electorales, asever\u00f3 la magistrada Eva Barrientos Zepeda. La magistrada de la [&hellip;]<\/p>\n","protected":false},"author":4,"featured_media":55210,"comment_status":"closed","ping_status":"closed","sticky":false,"template":"","format":"standard","meta":{"_jetpack_newsletter_access":"","_jetpack_dont_email_post_to_subs":false,"_jetpack_newsletter_tier_id":0,"_jetpack_memberships_contains_paywalled_content":false,"_jetpack_feature_clip_id":0,"_jetpack_memberships_contains_paid_content":false,"footnotes":"","jetpack_publicize_message":"","jetpack_publicize_feature_enabled":true,"jetpack_social_post_already_shared":true,"jetpack_social_options":{"image_generator_settings":{"template":"highway","default_image_id":0,"font":"","enabled":false},"version":2},"jetpack_post_was_ever_published":false},"categories":[356],"tags":[],"class_list":["post-55209","post","type-post","status-publish","format-standard","has-post-thumbnail","hentry","category-veracruz"],"jetpack_publicize_connections":[],"jetpack_sharing_enabled":true,"publishpress_future_action":{"enabled":false,"date":"2026-09-08 00:21:49","action":"change-status","newStatus":"draft","terms":[],"taxonomy":"category","extraData":[]},"publishpress_future_workflow_manual_trigger":{"enabledWorkflows":[]},"jetpack_featured_media_url":"https:\/\/noticiasveracruz.com\/wp-content\/uploads\/2025\/04\/9c-9.jpg","_links":{"self":[{"href":"https:\/\/noticiasveracruz.com\/index.php\/wp-json\/wp\/v2\/posts\/55209","targetHints":{"allow":["GET"]}}],"collection":[{"href":"https:\/\/noticiasveracruz.com\/index.php\/wp-json\/wp\/v2\/posts"}],"about":[{"href":"https:\/\/noticiasveracruz.com\/index.php\/wp-json\/wp\/v2\/types\/post"}],"author":[{"embeddable":true,"href":"https:\/\/noticiasveracruz.com\/index.php\/wp-json\/wp\/v2\/users\/4"}],"replies":[{"embeddable":true,"href":"https:\/\/noticiasveracruz.com\/index.php\/wp-json\/wp\/v2\/comments?post=55209"}],"version-history":[{"count":0,"href":"https:\/\/noticiasveracruz.com\/index.php\/wp-json\/wp\/v2\/posts\/55209\/revisions"}],"wp:featuredmedia":[{"embeddable":true,"href":"https:\/\/noticiasveracruz.com\/index.php\/wp-json\/wp\/v2\/media\/55210"}],"wp:attachment":[{"href":"https:\/\/noticiasveracruz.com\/index.php\/wp-json\/wp\/v2\/media?parent=55209"}],"wp:term":[{"taxonomy":"category","embeddable":true,"href":"https:\/\/noticiasveracruz.com\/index.php\/wp-json\/wp\/v2\/categories?post=55209"},{"taxonomy":"post_tag","embeddable":true,"href":"https:\/\/noticiasveracruz.com\/index.php\/wp-json\/wp\/v2\/tags?post=55209"}],"curies":[{"name":"wp","href":"https:\/\/api.w.org\/{rel}","templated":true}]}}