{"id":55206,"date":"2025-04-25T00:01:54","date_gmt":"2025-04-25T06:01:54","guid":{"rendered":"https:\/\/noticiasveracruz.com\/?p=55206"},"modified":"2025-04-24T20:39:41","modified_gmt":"2025-04-25T02:39:41","slug":"llevan-consulta-para-reforma-constitucional-a-zonas-indigenas","status":"publish","type":"post","link":"https:\/\/noticiasveracruz.com\/index.php\/2025\/04\/25\/llevan-consulta-para-reforma-constitucional-a-zonas-indigenas\/","title":{"rendered":"Llevan consulta para reforma constitucional a zonas ind\u00edgenas"},"content":{"rendered":"<p>Diputadas y diputados de la LXVII Legislatura de Veracruz realizaron, este mi\u00e9rcoles, en seis sedes, los Foros de Consulta libre, previa, informada, de buena fe y culturalmente adecuada a los pueblos y comunidades ind\u00edgenas y afromexicanas de la entidad, en relaci\u00f3n con la iniciativa de reforma al Art\u00edculo 5\u00b0 de la Constituci\u00f3n Pol\u00edtica del estado, presentada a esta Soberan\u00eda el 8 de enero pasado por la gobernadora de Veracruz, Roc\u00edo Nahle Garc\u00eda.<\/p>\n<p>El presidente de la Comisi\u00f3n Permanente de Justicia y Puntos Constitucionales, diputado Carlos Marcelo Ruiz S\u00e1nchez, explic\u00f3 a los habitantes de Tantoyuca el contenido y la importancia de la propuesta de la jefa del Ejecutivo estatal de armonizaci\u00f3n del texto constitucional local con el Art\u00edculo 2\u00b0 de la Carta Magna federal.<\/p>\n<p>A su vez, el presidente de la Comisi\u00f3n Permanente de Asuntos Ind\u00edgenas y de las Comunidades Afrodescendientes, diputado Urbano Bautista Mart\u00ednez, asisti\u00f3 al foro realizado en el municipio de Playa Vicente, donde respondieron a la convocatoria 194 personas, entre autoridades locales, representantes de instituciones y de dependencias de gobierno, as\u00ed como habitantes.<\/p>\n<p>Asimismo, el diputado Diego Casta\u00f1eda Aburto acudi\u00f3 al municipio de Benito Ju\u00e1rez, donde se cont\u00f3 con la presencia de 491 autoridades de pueblos originarios de la regi\u00f3n Huasteca. Ante las y los asistentes, destac\u00f3 la participaci\u00f3n, el trabajo coordinado, la uni\u00f3n de esfuerzos, la escucha, el di\u00e1logo y el compromiso de legislar atendiendo siempre los intereses de las y los beneficiarios.<\/p>\n<p>En Papantla, la secretaria de la Comisi\u00f3n de Asuntos Ind\u00edgenas y de las Comunidades Afrodescendientes y representante del Distrito VI, diputada Miriam Garc\u00eda Guzm\u00e1n, encabez\u00f3 el encuentro en el que se realizaron las etapas de acuerdos previos e informativa y reconoci\u00f3 el inter\u00e9s de la poblaci\u00f3n y la labor de organismos como el Instituto Nacional de los Pueblos Ind\u00edgenas (INPI) y la Comisi\u00f3n Estatal de los Derechos Humanos de Veracruz (CEDHV).<\/p>\n<p>Asimismo, la vocal de la Comisi\u00f3n Permanente de Asuntos Ind\u00edgenas y de las Comunidades Afrodescendientes y representante del Distrito XXII, diputada Dulce Mar\u00eda Hern\u00e1ndez Tepole, estuvo presente en el foro <span id=\"_GoBack\"><\/span>realizado en Tequila, donde 790 congresistas, entre l\u00edderes comunitarios y sociales, comisariados, consejos de vigilancia y p\u00fablico en general aprobaron las consultas realizadas.<\/p>\n<p>La diputada Naomi Edith G\u00f3mez Santos, estuvo en Huazuntl\u00e1n, municipio de Mecayapan, donde presidi\u00f3 la consulta y escuch\u00f3 a los representantes de los pueblos y comunidades ind\u00edgenas y afromexicanas, con quienes dialog\u00f3 sobre la trascendencia de la Iniciativa de reforma al Art\u00edculo 5 de la Constituci\u00f3n de Veracruz y la necesidad de converger en este esfuerzo com\u00fan del pueblo y sus representantes.<\/p>\n","protected":false},"excerpt":{"rendered":"<p>Diputadas y diputados de la LXVII Legislatura de Veracruz realizaron, este mi\u00e9rcoles, en seis sedes, los Foros de Consulta libre, previa, informada, de buena fe y culturalmente adecuada a los pueblos y comunidades ind\u00edgenas y afromexicanas de la entidad, en relaci\u00f3n con la iniciativa de reforma al Art\u00edculo 5\u00b0 de la Constituci\u00f3n Pol\u00edtica del estado, [&hellip;]<\/p>\n","protected":false},"author":4,"featured_media":55207,"comment_status":"closed","ping_status":"closed","sticky":false,"template":"","format":"standard","meta":{"_jetpack_newsletter_access":"","_jetpack_dont_email_post_to_subs":false,"_jetpack_newsletter_tier_id":0,"_jetpack_memberships_contains_paywalled_content":false,"_jetpack_feature_clip_id":0,"_jetpack_memberships_contains_paid_content":false,"footnotes":"","jetpack_publicize_message":"","jetpack_publicize_feature_enabled":true,"jetpack_social_post_already_shared":true,"jetpack_social_options":{"image_generator_settings":{"template":"highway","default_image_id":0,"font":"","enabled":false},"version":2},"jetpack_post_was_ever_published":false},"categories":[356],"tags":[],"class_list":["post-55206","post","type-post","status-publish","format-standard","has-post-thumbnail","hentry","category-veracruz"],"jetpack_publicize_connections":[],"jetpack_sharing_enabled":true,"publishpress_future_action":{"enabled":false,"date":"2026-09-08 00:21:50","action":"change-status","newStatus":"draft","terms":[],"taxonomy":"category","extraData":[]},"publishpress_future_workflow_manual_trigger":{"enabledWorkflows":[]},"jetpack_featured_media_url":"https:\/\/noticiasveracruz.com\/wp-content\/uploads\/2025\/04\/10a-7.jpg","_links":{"self":[{"href":"https:\/\/noticiasveracruz.com\/index.php\/wp-json\/wp\/v2\/posts\/55206","targetHints":{"allow":["GET"]}}],"collection":[{"href":"https:\/\/noticiasveracruz.com\/index.php\/wp-json\/wp\/v2\/posts"}],"about":[{"href":"https:\/\/noticiasveracruz.com\/index.php\/wp-json\/wp\/v2\/types\/post"}],"author":[{"embeddable":true,"href":"https:\/\/noticiasveracruz.com\/index.php\/wp-json\/wp\/v2\/users\/4"}],"replies":[{"embeddable":true,"href":"https:\/\/noticiasveracruz.com\/index.php\/wp-json\/wp\/v2\/comments?post=55206"}],"version-history":[{"count":0,"href":"https:\/\/noticiasveracruz.com\/index.php\/wp-json\/wp\/v2\/posts\/55206\/revisions"}],"wp:featuredmedia":[{"embeddable":true,"href":"https:\/\/noticiasveracruz.com\/index.php\/wp-json\/wp\/v2\/media\/55207"}],"wp:attachment":[{"href":"https:\/\/noticiasveracruz.com\/index.php\/wp-json\/wp\/v2\/media?parent=55206"}],"wp:term":[{"taxonomy":"category","embeddable":true,"href":"https:\/\/noticiasveracruz.com\/index.php\/wp-json\/wp\/v2\/categories?post=55206"},{"taxonomy":"post_tag","embeddable":true,"href":"https:\/\/noticiasveracruz.com\/index.php\/wp-json\/wp\/v2\/tags?post=55206"}],"curies":[{"name":"wp","href":"https:\/\/api.w.org\/{rel}","templated":true}]}}