{"id":55203,"date":"2025-04-24T20:31:44","date_gmt":"2025-04-25T02:31:44","guid":{"rendered":"https:\/\/noticiasveracruz.com\/?p=55203"},"modified":"2025-04-24T20:31:44","modified_gmt":"2025-04-25T02:31:44","slug":"dos-regidores-del-ayuntamiento-de-tuxpan-solicitaron-licencia-para-separarse-de-su-cargo-de-manera-temporal","status":"publish","type":"post","link":"https:\/\/noticiasveracruz.com\/index.php\/2025\/04\/24\/dos-regidores-del-ayuntamiento-de-tuxpan-solicitaron-licencia-para-separarse-de-su-cargo-de-manera-temporal\/","title":{"rendered":"Dos regidores del Ayuntamiento de Tuxpan solicitaron licencia para separarse de su cargo de manera temporal"},"content":{"rendered":"<p>Tuxpan, Ver., 24 de abril de 2025.- Por unanimidad, el cabildo de Tuxpan aprob\u00f3 en sesi\u00f3n extraordinaria las solicitudes de dos regidores para separarse de su cargo temporalmente.<\/p>\n<p>El periodo de separaci\u00f3n del cargo del regidor quinto, Juan G\u00f3mez Garc\u00eda, ser\u00e1 del 6 de mayo al 5 de junio del presente a\u00f1o; mientras que el regidor octavo, Axel Andr\u00e9s Bernal Herrera, se ausentar\u00e1 del 25 de abril al 1 de junio.<\/p>\n<p>As\u00ed mismo, se inform\u00f3 que se solicitar\u00e1 a la LXVII Legislatura del Honorable Congreso del Estado llame a los suplentes CC. Japhet Alan G\u00f3mez Torres y Heriberto Cruz del \u00c1ngel, para que asuman la titularidad las regidur\u00edas 5 y 8, respectivamente.<\/p>\n<p>Lo anterior, de acuerdo con lo dispuesto en los art\u00edculos 24, 28 y todos los relativos y aplicables de la Ley Org\u00e1nica del Municipio Libre del Estado de Veracruz.<\/p>\n<p>En la misma sesi\u00f3n se autoriz\u00f3 al Lic. Jos\u00e9 Armando Huesca Ovando para que, por el lapso del 28 de abril al 30 de mayo del a\u00f1o actual, falte temporalmente a sus funciones como secretario del Ayuntamiento, y sea sustituido por el Lic. Federico Zamora Casanova.<\/p>\n","protected":false},"excerpt":{"rendered":"<p>Tuxpan, Ver., 24 de abril de 2025.- Por unanimidad, el cabildo de Tuxpan aprob\u00f3 en sesi\u00f3n extraordinaria las solicitudes de dos regidores para separarse de su cargo temporalmente. El periodo de separaci\u00f3n del cargo del regidor quinto, Juan G\u00f3mez Garc\u00eda, ser\u00e1 del 6 de mayo al 5 de junio del presente a\u00f1o; mientras que el [&hellip;]<\/p>\n","protected":false},"author":4,"featured_media":55204,"comment_status":"closed","ping_status":"closed","sticky":false,"template":"","format":"standard","meta":{"_jetpack_newsletter_access":"","_jetpack_dont_email_post_to_subs":false,"_jetpack_newsletter_tier_id":0,"_jetpack_memberships_contains_paywalled_content":false,"_jetpack_feature_clip_id":0,"_jetpack_memberships_contains_paid_content":false,"footnotes":"","jetpack_publicize_message":"","jetpack_publicize_feature_enabled":true,"jetpack_social_post_already_shared":true,"jetpack_social_options":{"image_generator_settings":{"template":"highway","default_image_id":0,"font":"","enabled":false},"version":2},"jetpack_post_was_ever_published":false},"categories":[3372,356],"tags":[],"class_list":["post-55203","post","type-post","status-publish","format-standard","has-post-thumbnail","hentry","category-gobierno-tuxpan","category-veracruz"],"jetpack_publicize_connections":[],"jetpack_sharing_enabled":true,"publishpress_future_action":{"enabled":false,"date":"2026-09-08 00:22:03","action":"change-status","newStatus":"draft","terms":[],"taxonomy":"category","extraData":[]},"publishpress_future_workflow_manual_trigger":{"enabledWorkflows":[]},"jetpack_featured_media_url":"https:\/\/noticiasveracruz.com\/wp-content\/uploads\/2025\/04\/WhatsApp-Image-2025-04-24-at-15.50.03.jpeg","_links":{"self":[{"href":"https:\/\/noticiasveracruz.com\/index.php\/wp-json\/wp\/v2\/posts\/55203","targetHints":{"allow":["GET"]}}],"collection":[{"href":"https:\/\/noticiasveracruz.com\/index.php\/wp-json\/wp\/v2\/posts"}],"about":[{"href":"https:\/\/noticiasveracruz.com\/index.php\/wp-json\/wp\/v2\/types\/post"}],"author":[{"embeddable":true,"href":"https:\/\/noticiasveracruz.com\/index.php\/wp-json\/wp\/v2\/users\/4"}],"replies":[{"embeddable":true,"href":"https:\/\/noticiasveracruz.com\/index.php\/wp-json\/wp\/v2\/comments?post=55203"}],"version-history":[{"count":0,"href":"https:\/\/noticiasveracruz.com\/index.php\/wp-json\/wp\/v2\/posts\/55203\/revisions"}],"wp:featuredmedia":[{"embeddable":true,"href":"https:\/\/noticiasveracruz.com\/index.php\/wp-json\/wp\/v2\/media\/55204"}],"wp:attachment":[{"href":"https:\/\/noticiasveracruz.com\/index.php\/wp-json\/wp\/v2\/media?parent=55203"}],"wp:term":[{"taxonomy":"category","embeddable":true,"href":"https:\/\/noticiasveracruz.com\/index.php\/wp-json\/wp\/v2\/categories?post=55203"},{"taxonomy":"post_tag","embeddable":true,"href":"https:\/\/noticiasveracruz.com\/index.php\/wp-json\/wp\/v2\/tags?post=55203"}],"curies":[{"name":"wp","href":"https:\/\/api.w.org\/{rel}","templated":true}]}}