{"id":55199,"date":"2025-04-24T20:30:53","date_gmt":"2025-04-25T02:30:53","guid":{"rendered":"https:\/\/noticiasveracruz.com\/?p=55199"},"modified":"2025-04-24T20:30:53","modified_gmt":"2025-04-25T02:30:53","slug":"el-gobierno-de-tuxpan-instituciones-publicas-y-privadas-se-preparan-para-el-simulacro-nacional-2025","status":"publish","type":"post","link":"https:\/\/noticiasveracruz.com\/index.php\/2025\/04\/24\/el-gobierno-de-tuxpan-instituciones-publicas-y-privadas-se-preparan-para-el-simulacro-nacional-2025\/","title":{"rendered":"El Gobierno de Tuxpan, instituciones p\u00fablicas y privadas se preparan para el Simulacro Nacional 2025"},"content":{"rendered":"<p>\u2022 El ejercicio se realizar\u00e1 el 29 de abril, a las 11:30 horas<\/p>\n<p>Tuxpan, Ver., 24 de abril de 2025. &#8211; El Gobierno de Tuxpan, instituciones p\u00fablicas y privadas participar\u00e1n en el Simulacro Nacional 2025, que se llevar\u00e1 a cabo el pr\u00f3ximo 29 de abril a las 11:30 horas.<\/p>\n<p><img loading=\"lazy\" decoding=\"async\" class=\"alignnone size-medium wp-image-55200\" src=\"http:\/\/noticiasveracruz.com\/wp-content\/uploads\/2025\/04\/WhatsApp-Image-2025-04-24-at-14.03.23-239x300.jpeg\" alt=\"\" width=\"239\" height=\"300\" srcset=\"https:\/\/noticiasveracruz.com\/wp-content\/uploads\/2025\/04\/WhatsApp-Image-2025-04-24-at-14.03.23-239x300.jpeg 239w, https:\/\/noticiasveracruz.com\/wp-content\/uploads\/2025\/04\/WhatsApp-Image-2025-04-24-at-14.03.23-815x1024.jpeg 815w, https:\/\/noticiasveracruz.com\/wp-content\/uploads\/2025\/04\/WhatsApp-Image-2025-04-24-at-14.03.23-768x965.jpeg 768w, https:\/\/noticiasveracruz.com\/wp-content\/uploads\/2025\/04\/WhatsApp-Image-2025-04-24-at-14.03.23.jpeg 1076w\" sizes=\"auto, (max-width: 239px) 100vw, 239px\" \/><\/p>\n<p>Protecci\u00f3n Civil del Ayuntamiento dio a conocer que hasta el momento se tienen registrados simulacros de incendio en 8 edificios del Gobierno Municipal, incluido el palacio municipal.<\/p>\n<p>Tambi\u00e9n se tiene registrada la participaci\u00f3n del SAT, Fiscal\u00eda y las empresas Office Depot y 2 sucursales de Caja Popular.<\/p>\n<p>El prop\u00f3sito de este simulacro es fomentar la cultura de la Protecci\u00f3n Civil en la poblaci\u00f3n y contribuir con el fortalecimiento de las capacidades de reacci\u00f3n de las unidades internas y sus brigadas ante la eventualidad de una emergencia o desastre.<\/p>\n<p>La hip\u00f3tesis de este ejercicio ser\u00e1 Incendio y Sismo, en funci\u00f3n del esquema del riesgo identificado para cada inmueble.<\/p>\n<p>Con estas acciones se busca fortalecer la Reducci\u00f3n del Riesgo de Desastres.<\/p>\n","protected":false},"excerpt":{"rendered":"<p>\u2022 El ejercicio se realizar\u00e1 el 29 de abril, a las 11:30 horas Tuxpan, Ver., 24 de abril de 2025. &#8211; El Gobierno de Tuxpan, instituciones p\u00fablicas y privadas participar\u00e1n en el Simulacro Nacional 2025, que se llevar\u00e1 a cabo el pr\u00f3ximo 29 de abril a las 11:30 horas. Protecci\u00f3n Civil del Ayuntamiento dio a [&hellip;]<\/p>\n","protected":false},"author":4,"featured_media":55201,"comment_status":"closed","ping_status":"closed","sticky":false,"template":"","format":"standard","meta":{"_jetpack_newsletter_access":"","_jetpack_dont_email_post_to_subs":false,"_jetpack_newsletter_tier_id":0,"_jetpack_memberships_contains_paywalled_content":false,"_jetpack_feature_clip_id":0,"_jetpack_memberships_contains_paid_content":false,"footnotes":"","jetpack_publicize_message":"","jetpack_publicize_feature_enabled":true,"jetpack_social_post_already_shared":true,"jetpack_social_options":{"image_generator_settings":{"template":"highway","default_image_id":0,"font":"","enabled":false},"version":2},"jetpack_post_was_ever_published":false},"categories":[3372,356],"tags":[],"class_list":["post-55199","post","type-post","status-publish","format-standard","has-post-thumbnail","hentry","category-gobierno-tuxpan","category-veracruz"],"jetpack_publicize_connections":[],"jetpack_sharing_enabled":true,"publishpress_future_action":{"enabled":false,"date":"2026-09-08 00:21:24","action":"change-status","newStatus":"draft","terms":[],"taxonomy":"category","extraData":[]},"publishpress_future_workflow_manual_trigger":{"enabledWorkflows":[]},"jetpack_featured_media_url":"https:\/\/noticiasveracruz.com\/wp-content\/uploads\/2025\/04\/IMDEST.jpg","_links":{"self":[{"href":"https:\/\/noticiasveracruz.com\/index.php\/wp-json\/wp\/v2\/posts\/55199","targetHints":{"allow":["GET"]}}],"collection":[{"href":"https:\/\/noticiasveracruz.com\/index.php\/wp-json\/wp\/v2\/posts"}],"about":[{"href":"https:\/\/noticiasveracruz.com\/index.php\/wp-json\/wp\/v2\/types\/post"}],"author":[{"embeddable":true,"href":"https:\/\/noticiasveracruz.com\/index.php\/wp-json\/wp\/v2\/users\/4"}],"replies":[{"embeddable":true,"href":"https:\/\/noticiasveracruz.com\/index.php\/wp-json\/wp\/v2\/comments?post=55199"}],"version-history":[{"count":0,"href":"https:\/\/noticiasveracruz.com\/index.php\/wp-json\/wp\/v2\/posts\/55199\/revisions"}],"wp:featuredmedia":[{"embeddable":true,"href":"https:\/\/noticiasveracruz.com\/index.php\/wp-json\/wp\/v2\/media\/55201"}],"wp:attachment":[{"href":"https:\/\/noticiasveracruz.com\/index.php\/wp-json\/wp\/v2\/media?parent=55199"}],"wp:term":[{"taxonomy":"category","embeddable":true,"href":"https:\/\/noticiasveracruz.com\/index.php\/wp-json\/wp\/v2\/categories?post=55199"},{"taxonomy":"post_tag","embeddable":true,"href":"https:\/\/noticiasveracruz.com\/index.php\/wp-json\/wp\/v2\/tags?post=55199"}],"curies":[{"name":"wp","href":"https:\/\/api.w.org\/{rel}","templated":true}]}}