{"id":55132,"date":"2025-04-24T00:03:16","date_gmt":"2025-04-24T06:03:16","guid":{"rendered":"https:\/\/noticiasveracruz.com\/?p=55132"},"modified":"2025-04-23T22:33:56","modified_gmt":"2025-04-24T04:33:56","slug":"conmemora-secver-dia-internacional-de-la-danza","status":"publish","type":"post","link":"https:\/\/noticiasveracruz.com\/index.php\/2025\/04\/24\/conmemora-secver-dia-internacional-de-la-danza\/","title":{"rendered":"Conmemora SECVER D\u00eda Internacional de la Danza"},"content":{"rendered":"<p>La Secretar\u00eda de Cultura de Veracruz (SECVER) invita a disfrutar de las actividades esc\u00e9nicas que se llevar\u00e1n a cabo para conmemorar el D\u00eda Internacional de la Danza, el martes 29, en el Centro Veracruzano de las Artes Hugo Arg\u00fcelles (CEVART), en la ciudad de Veracruz.<\/p>\n<p>A las 19:00 horas, en la Sala Juan Vicente Melo, se presentar\u00e1 Para: Lila, arquitectura de lo incontenible de Astrid Valencia. Esta coreograf\u00eda de danza contempor\u00e1nea en formato de solo, integra la voz y la manipulaci\u00f3n escenogr\u00e1fica.<\/p>\n<p>La obra se construye a partir de peque\u00f1as met\u00e1foras que reflejan los estados emocionales y experiencias de Lila, una ni\u00f1a con caracter\u00edsticas semejantes a las de un cocodrilo: un animal que simboliza el rechazo social debido a su apariencia y su forma natural de desenvolverse.<\/p>\n<p>Valencia es licenciada en Danza Contempor\u00e1nea con trayectoria en bailes urbanos, beneficiaria del est\u00edmulo J\u00f3venes Creadores 2022 del Sistema de Apoyos a la Creaci\u00f3n y Proyectos Culturales FONCA.<\/p>\n<p>A las 20:30 horas, Dante Mancillas llevar\u00e1 a cabo la presentaci\u00f3n art\u00edstica interactiva Conexi\u00f3n: cuerpo-mente y esp\u00edritu, con el objetivo de estimular el inter\u00e9s por ahondar en diversos estilos danc\u00edsticos, compartir una propuesta dise\u00f1ada para estructurar cuerpos e intercambiar informaci\u00f3n acerca de una visi\u00f3n de la danza que abarca aspectos filos\u00f3ficos, psicol\u00f3gicos y emotivos.<\/p>\n<p>Mancillas es bailar\u00edn, core\u00f3grafo y docente veracruzano, director de Imaginarium Danza Pl\u00e1stica, ha sido beneficiario del programa J\u00f3venes Creadores y del Programa de Apoyo a Proyectos para Ni\u00f1os y J\u00f3venes del FONCA, y actualmente es director de la Asociaci\u00f3n Tri\u00e1ngulo Arte Social.<\/p>\n<p>El mi\u00e9rcoles 30, D\u00eda de las infancias, tendr\u00e1 lugar la obra de teatro Aventura de la Selva a las 12:00 horas; a trav\u00e9s de la participaci\u00f3n e interacci\u00f3n con los personajes, los asistentes desarrollar\u00e1n habilidades de pensamiento cr\u00edtico, empat\u00eda y trabajo en equipo, mientras exploran su creatividad e imaginaci\u00f3n en un entorno l\u00fadico y educativo.<\/p>\n","protected":false},"excerpt":{"rendered":"<p>La Secretar\u00eda de Cultura de Veracruz (SECVER) invita a disfrutar de las actividades esc\u00e9nicas que se llevar\u00e1n a cabo para conmemorar el D\u00eda Internacional de la Danza, el martes 29, en el Centro Veracruzano de las Artes Hugo Arg\u00fcelles (CEVART), en la ciudad de Veracruz. A las 19:00 horas, en la Sala Juan Vicente Melo, [&hellip;]<\/p>\n","protected":false},"author":4,"featured_media":55133,"comment_status":"closed","ping_status":"closed","sticky":false,"template":"","format":"standard","meta":{"_jetpack_newsletter_access":"","_jetpack_dont_email_post_to_subs":false,"_jetpack_newsletter_tier_id":0,"_jetpack_memberships_contains_paywalled_content":false,"_jetpack_feature_clip_id":0,"_jetpack_memberships_contains_paid_content":false,"footnotes":"","jetpack_publicize_message":"","jetpack_publicize_feature_enabled":true,"jetpack_social_post_already_shared":true,"jetpack_social_options":{"image_generator_settings":{"template":"highway","default_image_id":0,"font":"","enabled":false},"version":2},"jetpack_post_was_ever_published":false},"categories":[356],"tags":[],"class_list":["post-55132","post","type-post","status-publish","format-standard","has-post-thumbnail","hentry","category-veracruz"],"jetpack_publicize_connections":[],"jetpack_sharing_enabled":true,"publishpress_future_action":{"enabled":false,"date":"2026-09-08 01:06:25","action":"change-status","newStatus":"draft","terms":[],"taxonomy":"category","extraData":[]},"publishpress_future_workflow_manual_trigger":{"enabledWorkflows":[]},"jetpack_featured_media_url":"https:\/\/noticiasveracruz.com\/wp-content\/uploads\/2025\/04\/9b-11.jpg","_links":{"self":[{"href":"https:\/\/noticiasveracruz.com\/index.php\/wp-json\/wp\/v2\/posts\/55132","targetHints":{"allow":["GET"]}}],"collection":[{"href":"https:\/\/noticiasveracruz.com\/index.php\/wp-json\/wp\/v2\/posts"}],"about":[{"href":"https:\/\/noticiasveracruz.com\/index.php\/wp-json\/wp\/v2\/types\/post"}],"author":[{"embeddable":true,"href":"https:\/\/noticiasveracruz.com\/index.php\/wp-json\/wp\/v2\/users\/4"}],"replies":[{"embeddable":true,"href":"https:\/\/noticiasveracruz.com\/index.php\/wp-json\/wp\/v2\/comments?post=55132"}],"version-history":[{"count":0,"href":"https:\/\/noticiasveracruz.com\/index.php\/wp-json\/wp\/v2\/posts\/55132\/revisions"}],"wp:featuredmedia":[{"embeddable":true,"href":"https:\/\/noticiasveracruz.com\/index.php\/wp-json\/wp\/v2\/media\/55133"}],"wp:attachment":[{"href":"https:\/\/noticiasveracruz.com\/index.php\/wp-json\/wp\/v2\/media?parent=55132"}],"wp:term":[{"taxonomy":"category","embeddable":true,"href":"https:\/\/noticiasveracruz.com\/index.php\/wp-json\/wp\/v2\/categories?post=55132"},{"taxonomy":"post_tag","embeddable":true,"href":"https:\/\/noticiasveracruz.com\/index.php\/wp-json\/wp\/v2\/tags?post=55132"}],"curies":[{"name":"wp","href":"https:\/\/api.w.org\/{rel}","templated":true}]}}