{"id":55129,"date":"2025-04-24T00:02:12","date_gmt":"2025-04-24T06:02:12","guid":{"rendered":"https:\/\/noticiasveracruz.com\/?p=55129"},"modified":"2025-04-23T22:33:04","modified_gmt":"2025-04-24T04:33:04","slug":"se-abriran-31-centros-libres-contra-violencia-machista","status":"publish","type":"post","link":"https:\/\/noticiasveracruz.com\/index.php\/2025\/04\/24\/se-abriran-31-centros-libres-contra-violencia-machista\/","title":{"rendered":"Se abrir\u00e1n 31 Centros Libres contra violencia machista"},"content":{"rendered":"<p>En Veracruz se establecer\u00e1n 31 Centros Libres contra la violencia machista, de los anunciados a nivel federal por la titular de la Secretar\u00eda de las Mujeres, Citlalli Hern\u00e1ndez Mora y la presidenta Claudia Sheinbaum, inform\u00f3 la directora del Instituto Veracruzano de las Mujeres, Zaira Fabiola del Toro Olivares.<\/p>\n<p>En ese sentido, dijo, se podr\u00e1 atender a quien lo necesite en los 212 municipios, como parte del trabajo coordinado con las pol\u00edticas p\u00fablicas federales.<\/p>\n<p>De acuerdo a Citlalli Hern\u00e1ndez se crear\u00e1n 678 Centros Libres a nivel nacional, con el objetivo de atender y prevenir la violencia machista en el pa\u00eds.<\/p>\n<p>La reci\u00e9n nombrada titular el IVM dijo que esta dependencia garantizar\u00e1 los derechos de las mujeres en la entidad y se comprometi\u00f3 a coordinarse con la sociedad civil y las instancias gubernamentales para establecer estrategias y acciones a favor del sector.<\/p>\n<p>Se\u00f1al\u00f3 que los primeros cuatro meses de trabajo como encargada de despacho del IVM se hizo un an\u00e1lisis de la situaci\u00f3n del Instituto y la forma de coordinarse tambi\u00e9n con las pol\u00edticas p\u00fablicas a nivel federal.<\/p>\n<p>Y exhort\u00f3 a las mujeres organizadas y de colectivos a sumarse desde sus espacios y experiencias para trabajar en conjunto.<\/p>\n<p>\u201cEs tiempo de nosotras de trabajar en uni\u00f3n, en colectividad, en hacer que estos espacios sean de todas y para todas. Yo las invito a eso, a que sigamos trabajando desde los distintos enfoques que tienen, porque la realidad es que una no puede saberlo todo, no debes de saberlo todo y el trabajo colectivo te permite fortalecer esas \u00e1reas que cada una se ha ido preparando\u201d.<\/p>\n","protected":false},"excerpt":{"rendered":"<p>En Veracruz se establecer\u00e1n 31 Centros Libres contra la violencia machista, de los anunciados a nivel federal por la titular de la Secretar\u00eda de las Mujeres, Citlalli Hern\u00e1ndez Mora y la presidenta Claudia Sheinbaum, inform\u00f3 la directora del Instituto Veracruzano de las Mujeres, Zaira Fabiola del Toro Olivares. En ese sentido, dijo, se podr\u00e1 atender [&hellip;]<\/p>\n","protected":false},"author":4,"featured_media":55130,"comment_status":"closed","ping_status":"closed","sticky":false,"template":"","format":"standard","meta":{"_jetpack_newsletter_access":"","_jetpack_dont_email_post_to_subs":false,"_jetpack_newsletter_tier_id":0,"_jetpack_memberships_contains_paywalled_content":false,"_jetpack_feature_clip_id":0,"_jetpack_memberships_contains_paid_content":false,"footnotes":"","jetpack_publicize_message":"","jetpack_publicize_feature_enabled":true,"jetpack_social_post_already_shared":true,"jetpack_social_options":{"image_generator_settings":{"template":"highway","default_image_id":0,"font":"","enabled":false},"version":2},"jetpack_post_was_ever_published":false},"categories":[356],"tags":[],"class_list":["post-55129","post","type-post","status-publish","format-standard","has-post-thumbnail","hentry","category-veracruz"],"jetpack_publicize_connections":[],"jetpack_sharing_enabled":true,"publishpress_future_action":{"enabled":false,"date":"2026-09-08 01:01:26","action":"change-status","newStatus":"draft","terms":[],"taxonomy":"category","extraData":[]},"publishpress_future_workflow_manual_trigger":{"enabledWorkflows":[]},"jetpack_featured_media_url":"https:\/\/noticiasveracruz.com\/wp-content\/uploads\/2025\/04\/9c-8.jpg","_links":{"self":[{"href":"https:\/\/noticiasveracruz.com\/index.php\/wp-json\/wp\/v2\/posts\/55129","targetHints":{"allow":["GET"]}}],"collection":[{"href":"https:\/\/noticiasveracruz.com\/index.php\/wp-json\/wp\/v2\/posts"}],"about":[{"href":"https:\/\/noticiasveracruz.com\/index.php\/wp-json\/wp\/v2\/types\/post"}],"author":[{"embeddable":true,"href":"https:\/\/noticiasveracruz.com\/index.php\/wp-json\/wp\/v2\/users\/4"}],"replies":[{"embeddable":true,"href":"https:\/\/noticiasveracruz.com\/index.php\/wp-json\/wp\/v2\/comments?post=55129"}],"version-history":[{"count":0,"href":"https:\/\/noticiasveracruz.com\/index.php\/wp-json\/wp\/v2\/posts\/55129\/revisions"}],"wp:featuredmedia":[{"embeddable":true,"href":"https:\/\/noticiasveracruz.com\/index.php\/wp-json\/wp\/v2\/media\/55130"}],"wp:attachment":[{"href":"https:\/\/noticiasveracruz.com\/index.php\/wp-json\/wp\/v2\/media?parent=55129"}],"wp:term":[{"taxonomy":"category","embeddable":true,"href":"https:\/\/noticiasveracruz.com\/index.php\/wp-json\/wp\/v2\/categories?post=55129"},{"taxonomy":"post_tag","embeddable":true,"href":"https:\/\/noticiasveracruz.com\/index.php\/wp-json\/wp\/v2\/tags?post=55129"}],"curies":[{"name":"wp","href":"https:\/\/api.w.org\/{rel}","templated":true}]}}