{"id":55126,"date":"2025-04-24T00:01:06","date_gmt":"2025-04-24T06:01:06","guid":{"rendered":"https:\/\/noticiasveracruz.com\/?p=55126"},"modified":"2025-04-23T22:31:44","modified_gmt":"2025-04-24T04:31:44","slug":"record-historico-de-visitantes-en-veracruz","status":"publish","type":"post","link":"https:\/\/noticiasveracruz.com\/index.php\/2025\/04\/24\/record-historico-de-visitantes-en-veracruz\/","title":{"rendered":"R\u00e9cord hist\u00f3rico de visitantes en Veracruz"},"content":{"rendered":"<p>Durante el periodo de asueto de la Semana Santa se tuvo un r\u00e9cord hist\u00f3rico de visitantes, con una derrama econ\u00f3mica considerable, asever\u00f3 la gobernadora de Veracruz, Roc\u00edo Nahle Garc\u00eda.<\/p>\n<p>Destac\u00f3 que en la reciente visita de la presidenta Claudia Sheinbaum Pardo, algunos integrantes del gabinete federal reconocieron el esfuerzo que se hace para poner a Veracruz de moda a nivel nacional e internacional.<\/p>\n<p>\u201cFue una Semana Santa donde recibimos un r\u00e9cord hist\u00f3rico de visitantes en territorio, la gente se divirti\u00f3, estuvieron los servicios trabajando, hubo derrama econ\u00f3mica, los veracruzanos se divirtieron estos d\u00edas de relajamiento, creo que fue una muy buena Semana Santa\u201d, sostuvo.<\/p>\n<p>Insisti\u00f3 en el comentario positivo de los funcionarios federales sobre el posicionamiento de Veracruz como destino tur\u00edstico a nivel nacional.<\/p>\n<p>En ese sentido, asegur\u00f3 que en su administraci\u00f3n se trabaja en muchos sentidos, se trabaja en las causas, en atender problemas, pero tambi\u00e9n en promover a Veracruz.<\/p>\n<p>\u201cLa belleza que tenemos, la gente, lo que somos, yo dije, a ver si hablamos bien de Veracruz llegan muchas cosas y para hablar bien de Veracruz tenemos que atender las cosas\u201d, dijo.<\/p>\n<p>Asimismo, anunci\u00f3 que a finales de esta semana se tendr\u00e1n dos eventos en los que participar\u00e1 la entidad, pues es estado invitado en la Feria Internacional de Nueva Orleans, en Estados Unidos, a donde acudir\u00e1 X\u00f3chitl Molina, secretaria de Cultura.<\/p>\n<p>El lunes, ella misma acudir\u00e1 a Tijuana para participar en el Tianguis Tur\u00edstico, en donde se realizar\u00e1 una promoci\u00f3n fuerte y desde donde se har\u00e1 un anuncio importante en materia tur\u00edstica.<\/p>\n","protected":false},"excerpt":{"rendered":"<p>Durante el periodo de asueto de la Semana Santa se tuvo un r\u00e9cord hist\u00f3rico de visitantes, con una derrama econ\u00f3mica considerable, asever\u00f3 la gobernadora de Veracruz, Roc\u00edo Nahle Garc\u00eda. Destac\u00f3 que en la reciente visita de la presidenta Claudia Sheinbaum Pardo, algunos integrantes del gabinete federal reconocieron el esfuerzo que se hace para poner a [&hellip;]<\/p>\n","protected":false},"author":4,"featured_media":55127,"comment_status":"closed","ping_status":"closed","sticky":false,"template":"","format":"standard","meta":{"_jetpack_newsletter_access":"","_jetpack_dont_email_post_to_subs":false,"_jetpack_newsletter_tier_id":0,"_jetpack_memberships_contains_paywalled_content":false,"_jetpack_feature_clip_id":0,"_jetpack_memberships_contains_paid_content":false,"footnotes":"","jetpack_publicize_message":"","jetpack_publicize_feature_enabled":true,"jetpack_social_post_already_shared":true,"jetpack_social_options":{"image_generator_settings":{"template":"highway","default_image_id":0,"font":"","enabled":false},"version":2},"jetpack_post_was_ever_published":false},"categories":[356],"tags":[],"class_list":["post-55126","post","type-post","status-publish","format-standard","has-post-thumbnail","hentry","category-veracruz"],"jetpack_publicize_connections":[],"jetpack_sharing_enabled":true,"publishpress_future_action":{"enabled":false,"date":"2026-09-08 01:34:46","action":"change-status","newStatus":"draft","terms":[],"taxonomy":"category","extraData":[]},"publishpress_future_workflow_manual_trigger":{"enabledWorkflows":[]},"jetpack_featured_media_url":"https:\/\/noticiasveracruz.com\/wp-content\/uploads\/2025\/04\/10a1-1.jpg","_links":{"self":[{"href":"https:\/\/noticiasveracruz.com\/index.php\/wp-json\/wp\/v2\/posts\/55126","targetHints":{"allow":["GET"]}}],"collection":[{"href":"https:\/\/noticiasveracruz.com\/index.php\/wp-json\/wp\/v2\/posts"}],"about":[{"href":"https:\/\/noticiasveracruz.com\/index.php\/wp-json\/wp\/v2\/types\/post"}],"author":[{"embeddable":true,"href":"https:\/\/noticiasveracruz.com\/index.php\/wp-json\/wp\/v2\/users\/4"}],"replies":[{"embeddable":true,"href":"https:\/\/noticiasveracruz.com\/index.php\/wp-json\/wp\/v2\/comments?post=55126"}],"version-history":[{"count":0,"href":"https:\/\/noticiasveracruz.com\/index.php\/wp-json\/wp\/v2\/posts\/55126\/revisions"}],"wp:featuredmedia":[{"embeddable":true,"href":"https:\/\/noticiasveracruz.com\/index.php\/wp-json\/wp\/v2\/media\/55127"}],"wp:attachment":[{"href":"https:\/\/noticiasveracruz.com\/index.php\/wp-json\/wp\/v2\/media?parent=55126"}],"wp:term":[{"taxonomy":"category","embeddable":true,"href":"https:\/\/noticiasveracruz.com\/index.php\/wp-json\/wp\/v2\/categories?post=55126"},{"taxonomy":"post_tag","embeddable":true,"href":"https:\/\/noticiasveracruz.com\/index.php\/wp-json\/wp\/v2\/tags?post=55126"}],"curies":[{"name":"wp","href":"https:\/\/api.w.org\/{rel}","templated":true}]}}