{"id":5510,"date":"2022-06-23T19:28:06","date_gmt":"2022-06-24T00:28:06","guid":{"rendered":"https:\/\/noticiasveracruz.com\/?p=5510"},"modified":"2022-06-23T19:28:06","modified_gmt":"2022-06-24T00:28:06","slug":"inyectan-su-educacion-asociacion-dia-solidario-beca-a-69-estudiantes-de-tuxpan","status":"publish","type":"post","link":"https:\/\/noticiasveracruz.com\/index.php\/2022\/06\/23\/inyectan-su-educacion-asociacion-dia-solidario-beca-a-69-estudiantes-de-tuxpan\/","title":{"rendered":"Inyectan su educaci\u00f3n, Asociaci\u00f3n \u201cD\u00eda Solidario\u201d beca a 69 estudiantes de Tuxpan"},"content":{"rendered":"<p class=\"p1\">\n<p class=\"p1\"><strong><span style=\"font-size: 18pt;\">&lt;&lt; GPG de Grupo Naturgy y el Ayuntamiento de Tuxpan encabezaron el evento &gt;&gt;<\/span><\/strong><\/p>\n<p class=\"p1\">\n<p class=\"p1\"><span style=\"font-size: 14pt;\"><em><strong>Tuxpan, Ver.<\/strong> <\/em>Entrega de becas a \u00a0estudiantes del Telebachillerato \u201cAire Libre N\u00famero 15\u201d, por parte de la Asociaci\u00f3n \u201cD\u00eda Solidario\u201d en coordinaci\u00f3n con el Ayuntamiento de Tuxpan, beneficiando a 69 estudiantes de la ruta de Los Kil\u00f3metros.<\/span><\/p>\n<p><img loading=\"lazy\" decoding=\"async\" class=\"aligncenter wp-image-6888 size-large\" src=\"https:\/\/politicosaldesnudo.com.mx\/wp-content\/uploads\/2022\/06\/P-BECAS3-1024x573.png\" alt=\"\" width=\"800\" height=\"448\" \/><\/p>\n<p>&nbsp;<\/p>\n<p class=\"p1\"><span style=\"font-size: 18pt;\"><strong>Cabe destacar que Asociaci\u00f3n \u201cD\u00eda Solidario\u201d pertenece a la empresa GPG de Grupo Naturgy.<\/strong><\/span><\/p>\n<p class=\"p1\"><span style=\"font-size: 18pt;\"><strong>Es as\u00ed que el alcalde Jos\u00e9 Manuel Pozos Castro, la s\u00edndica Beatriz Pi\u00f1a Vergara y el Ing. Francisco Jos\u00e9 Cerezo Herrera, jefe de Control T\u00e9cnico de la Central de Ciclo Combinado Tuxpan 3 y 4 y representante de la Asociaci\u00f3n \u201cD\u00eda Solidario\u201d entregaron un cheque simb\u00f3lico al Prof. Jair Hern\u00e1ndez Salas, coordinador del Telebachillerato, por la cantidad de 450 mil pesos respectivo a las becas otorgadas. <\/strong><\/span><\/p>\n<p>&nbsp;<\/p>\n<p><img loading=\"lazy\" decoding=\"async\" class=\"aligncenter wp-image-6887 size-large\" src=\"https:\/\/politicosaldesnudo.com.mx\/wp-content\/uploads\/2022\/06\/P-BECAS2-1024x573.png\" alt=\"\" width=\"800\" height=\"448\" \/><\/p>\n<p>&nbsp;<\/p>\n<p>&nbsp;<\/p>\n<p class=\"p1\"><span style=\"font-size: 18pt;\"><strong>APOYO NATURGY <\/strong><\/span><\/p>\n<p class=\"p1\"><span style=\"font-size: 18pt;\"><strong>Por su parte, Jos\u00e9 Cerezo Herrera manifest\u00f3 que este era un d\u00eda de celebraci\u00f3n, pues gracias a estas becas 69 j\u00f3venes podr\u00e1n continuar con su formaci\u00f3n acad\u00e9mica.<\/strong><\/span><\/p>\n<p>&nbsp;<\/p>\n<p><img loading=\"lazy\" decoding=\"async\" class=\"aligncenter wp-image-6886 size-large\" src=\"https:\/\/politicosaldesnudo.com.mx\/wp-content\/uploads\/2022\/06\/P-BECAS1-1024x573.png\" alt=\"\" width=\"800\" height=\"448\" \/><\/p>\n<p>&nbsp;<\/p>\n<p class=\"p1\"><span style=\"font-size: 18pt;\"><strong>Acto seguido el alcalde Jos\u00e9 Manuel Pozos Castro se\u00f1al\u00f3 que hoy m\u00e1s que nunca necesitamos ser solidarios, justos y participativos para lograr un cambio positivo perdurable.<\/strong><\/span><\/p>\n<blockquote>\n<p class=\"p1\"><span style=\"font-size: 14pt;\">Por ello, me da much\u00edsimo gusto que la empresa GPG de Grupo Naturgy, y su Asociaci\u00f3n \u2018D\u00eda Solidario\u2019, est\u00e9n fomentando la educaci\u00f3n y generando un impacto social positivo en estas comunidades\u201d<\/span><\/p>\n<\/blockquote>\n<p class=\"p1\"><span style=\"font-size: 18pt;\"><strong>Pozos Castro dijo tener conocimiento de que en el pasado mes de mayo tambi\u00e9n se pagaron las \u201cBecas con D\u00eda Solidario Voy a la Universidad\u201d, a j\u00f3venes de nivel universitario, en la misma ruta de Los Kil\u00f3metros.<\/strong><\/span><\/p>\n<p class=\"p1\"><span style=\"font-size: 14pt;\">El alcalde agradeci\u00f3 a Grupo Naturgy y su Asociaci\u00f3n \u201cD\u00eda Solidario\u201d, el coadyuvar con el Gobierno Municipal para mejorar la vida de los estudiantes de Bachillerato de Tuxpan.<\/span><\/p>\n<p class=\"p1\"><span style=\"font-size: 18pt;\"><strong>Jos\u00e9 Manuel Pozos Castro dijo estar convencido de que este es el principio de una estrecha relaci\u00f3n de colaboraci\u00f3n y asistencia con la empresa GPG, no solo en materia educativa, sino tambi\u00e9n en salud y cuidado del medio ambiente, ya que comparten el reto de avanzar en la transformaci\u00f3n social y en el desarrollo sostenible.<\/strong><\/span><\/p>\n<p>&nbsp;<\/p>\n<p><img loading=\"lazy\" decoding=\"async\" class=\"aligncenter wp-image-6890 size-large\" src=\"https:\/\/politicosaldesnudo.com.mx\/wp-content\/uploads\/2022\/06\/P-BECAS5-1024x573.png\" alt=\"\" width=\"800\" height=\"448\" \/><\/p>\n<p>&nbsp;<\/p>\n<p class=\"p1\"><span style=\"font-size: 14pt;\">En el evento los acompa\u00f1aron el Prof. Luis Demetrio L\u00f3pez Mar\u00edn, regidor s\u00e9ptimo comisionado en Educaci\u00f3n; as\u00ed como las regidoras y los regidores Amado Guti\u00e9rrez Lima, Mar\u00eda del Pilar Mart\u00ednez Matesanz, Maryanela Monroy, Anah\u00ed Aguilar, Juan G\u00f3mez, Lucero Res\u00e9ndis y Axel Bernal.<\/span><\/p>\n<p class=\"p1\"><span style=\"font-size: 14pt;\">Adem\u00e1s profesor On\u00e9simo P\u00e9rez Ramos, Delegado Regional de la Secretar\u00eda de Educaci\u00f3n de Veracruz en Tuxpan; el Prof. Jorge Arturo Garc\u00eda Robles, director de Educaci\u00f3n Municipal; Juan C\u00e1rdenas Baltazar, Agente Municipal de Aire Libre (Km. 15) y Clemente Hern\u00e1ndez Ramos, Comisariado Ejidal.<\/span><\/p>\n<p>&nbsp;<\/p>\n<p><img loading=\"lazy\" decoding=\"async\" class=\"aligncenter wp-image-6891\" src=\"https:\/\/politicosaldesnudo.com.mx\/wp-content\/uploads\/2022\/06\/BECAS-1-1024x390.jpeg\" alt=\"\" width=\"900\" height=\"343\" \/><\/p>\n<p>&nbsp;<\/p>\n<p>&nbsp;<\/p>\n<p>&nbsp;<\/p>\n<p>&nbsp;<\/p>\n","protected":false},"excerpt":{"rendered":"<p>&lt;&lt; GPG de Grupo Naturgy y el Ayuntamiento de Tuxpan encabezaron el evento &gt;&gt; Tuxpan, Ver. Entrega de becas a<\/p>\n","protected":false},"author":4,"featured_media":5514,"comment_status":"closed","ping_status":"closed","sticky":false,"template":"","format":"standard","meta":{"colormag_page_container_layout":"default_layout","colormag_page_sidebar_layout":"default_layout","_jetpack_memberships_contains_paid_content":false,"footnotes":"","jetpack_publicize_message":"","jetpack_publicize_feature_enabled":true,"jetpack_social_post_already_shared":false,"jetpack_social_options":{"image_generator_settings":{"template":"highway","default_image_id":0,"font":"","enabled":false},"version":2}},"categories":[356],"tags":[958,701,959,72,73],"class_list":["post-5510","post","type-post","status-publish","format-standard","has-post-thumbnail","hentry","category-veracruz","tag-becas","tag-jose-manuel-pozos","tag-naturgy","tag-tuxpan","tag-veracruz"],"jetpack_publicize_connections":[],"jetpack_featured_media_url":"https:\/\/noticiasveracruz.com\/wp-content\/uploads\/2022\/06\/P-BECAS4.png","jetpack_sharing_enabled":true,"publishpress_future_action":{"enabled":false,"date":"2026-05-09 01:58:30","action":"change-status","newStatus":"draft","terms":[],"taxonomy":"category","extraData":[]},"publishpress_future_workflow_manual_trigger":{"enabledWorkflows":[]},"_links":{"self":[{"href":"https:\/\/noticiasveracruz.com\/index.php\/wp-json\/wp\/v2\/posts\/5510","targetHints":{"allow":["GET"]}}],"collection":[{"href":"https:\/\/noticiasveracruz.com\/index.php\/wp-json\/wp\/v2\/posts"}],"about":[{"href":"https:\/\/noticiasveracruz.com\/index.php\/wp-json\/wp\/v2\/types\/post"}],"author":[{"embeddable":true,"href":"https:\/\/noticiasveracruz.com\/index.php\/wp-json\/wp\/v2\/users\/4"}],"replies":[{"embeddable":true,"href":"https:\/\/noticiasveracruz.com\/index.php\/wp-json\/wp\/v2\/comments?post=5510"}],"version-history":[{"count":0,"href":"https:\/\/noticiasveracruz.com\/index.php\/wp-json\/wp\/v2\/posts\/5510\/revisions"}],"wp:featuredmedia":[{"embeddable":true,"href":"https:\/\/noticiasveracruz.com\/index.php\/wp-json\/wp\/v2\/media\/5514"}],"wp:attachment":[{"href":"https:\/\/noticiasveracruz.com\/index.php\/wp-json\/wp\/v2\/media?parent=5510"}],"wp:term":[{"taxonomy":"category","embeddable":true,"href":"https:\/\/noticiasveracruz.com\/index.php\/wp-json\/wp\/v2\/categories?post=5510"},{"taxonomy":"post_tag","embeddable":true,"href":"https:\/\/noticiasveracruz.com\/index.php\/wp-json\/wp\/v2\/tags?post=5510"}],"curies":[{"name":"wp","href":"https:\/\/api.w.org\/{rel}","templated":true}]}}