{"id":5474,"date":"2022-06-23T12:00:42","date_gmt":"2022-06-23T17:00:42","guid":{"rendered":"https:\/\/noticiasveracruz.com\/?p=5474"},"modified":"2022-06-23T12:00:42","modified_gmt":"2022-06-23T17:00:42","slug":"la-mala-administracion-en-poza-rica","status":"publish","type":"post","link":"https:\/\/noticiasveracruz.com\/index.php\/2022\/06\/23\/la-mala-administracion-en-poza-rica\/","title":{"rendered":"La mala administraci\u00f3n en Poza Rica"},"content":{"rendered":"<p>&nbsp;<\/p>\n<p class=\"p2\"><span style=\"font-size: 18pt;\"><strong>&lt;&lt; Conf\u00eda Fernando Remes en que es cuate del presidente L\u00f3pez Obrador &gt;&gt;<\/strong><\/span><\/p>\n<p class=\"p2\"><span style=\"font-size: 18pt;\"><strong>&lt;&lt; Es el alcalde mejor pagado de Veracruz con un salario mensual de 155 mil pesos &gt;&gt;<\/strong><\/span><\/p>\n<p class=\"p2\"><span style=\"font-size: 18pt;\"><strong>&lt;&lt;\u00a0 Cobra un sueldo de m\u00e1s del doble que el Gobernador del Estado &gt;&gt;<\/strong><\/span><\/p>\n<p>&nbsp;<\/p>\n<p class=\"p2\"><strong><span style=\"font-size: 18pt;\">Por Miguel \u00c1ngel Cristiani Gonz\u00e1lez<\/span><\/strong><\/p>\n<p class=\"p2\"><span style=\"font-size: 18pt;\"><strong>Es muy positivo que la diputada por Morena Cecilia Guevara, Presidenta de la Mesa Directiva del Congreso del Estado haya propuesto que se llame al alcalde de Poza Rica, Fernando Remes a que comparezca ante la Legislatura para aclarar la serie de supuestos actos de corrupci\u00f3n, que se han venido dando ya en estos primeros meses de la administraci\u00f3n municipal.<\/strong><\/span><\/p>\n<p>&nbsp;<\/p>\n<p><img loading=\"lazy\" decoding=\"async\" class=\"aligncenter wp-image-6842 size-large\" src=\"https:\/\/politicosaldesnudo.com.mx\/wp-content\/uploads\/2022\/06\/P-PULMOREMES-1024x573.png\" alt=\"\" width=\"800\" height=\"448\" \/><\/p>\n<p>&nbsp;<\/p>\n<p class=\"p2\"><span style=\"font-size: 14pt;\">Aunque Pancho L\u00f3pez el fil\u00f3sofo ateniense xalape\u00f1o opina que m\u00e1s que un llamado a rendir cuentas claras, lo que se debe de hacer es ordenar al ORFIS, que es el \u00d3rgano de Fiscalizaci\u00f3n del Congreso, para que le practiquen una detallada auditor\u00eda.<\/span><\/p>\n<p class=\"p2\"><span style=\"font-size: 14pt;\">Esto luego de que el alcalde Remes Garza ha sido se\u00f1alado de presuntas irregularidades como omisi\u00f3n de informaci\u00f3n del manejo financiero de las arcas municipales, de entregar el Plan Municipal de Desarrollo, sin contar con los requisitos m\u00ednimos marcados por la normativa, el incremento a la n\u00f3mina del personal de confianza, as\u00ed como es considerado el alcalde mejor pagado de Veracruz con un salario mensual bruto de 155 mil pesos, que incluso gana m\u00e1s del doble que el mism\u00edsimo gobernador del Estado, Cuitl\u00e1huac Garc\u00eda Jim\u00e9nez.<\/span><\/p>\n<p class=\"p2\"><span style=\"font-size: 18pt;\"><strong>Y no es que el presidente municipal de Poza Rica no sepa lo que se tiene que hacer dentro del marco de las leyes, lo que pasa es que como se siente protegido del presidente de la Rep\u00fablica Andr\u00e9s Manuel L\u00f3pez Obrador, piensa que puede actuar con toda impunidad y que no le van a aplicar las legislaciones.<\/strong><\/span><\/p>\n<p class=\"p2\"><span style=\"font-size: 18pt;\"><strong>Habr\u00e1 que recordarle a Fernando Remes que precisamente una de las consignas del gobierno de la Cuatro T es la de \u201cno enga\u00f1ar, no robar y no traicionar\u201d.<\/strong><\/span><\/p>\n<p class=\"p2\"><span style=\"font-size: 14pt;\">Aunque lo cierto es tambi\u00e9n, que Fernando Luis Remes Garza no es el \u00fanico alcalde que al llegar al pinche poder, lo primero que hacen es aumentarse el sueldo y comprarse una camioneta de lujo.<\/span><\/p>\n<p class=\"p2\"><span style=\"font-size: 14pt;\">Se supone que precisamente por lo establecido en la Ley, los 212 ayuntamientos est\u00e1n obligados a entregar a la Legislatura un informe trimestral del gasto de las finanzas p\u00fablicas, as\u00ed que no tendr\u00edan que ir muy lejos hasta Poza Rica, sino simplemente con ordenar una revisi\u00f3n de esos documentos, se puede constatar si existen esas irregularidades administrativas, que si le aplican la ley -como debe ser- hasta Pacho Viejo puede ir a parar el voluminoso alcalde.<\/span><\/p>\n<p class=\"p2\"><span style=\"font-size: 14pt;\">La Presidenta de la Mesa Directiva del Congreso del Estado lament\u00f3 que en la comuna pozarricense se susciten actos que se prestan a presuntas anomal\u00edas, por lo que es de suma relevancia que se informe de las decisiones que ha tomado el mun\u00edcipe, as\u00ed como las acciones y resultados que se han logrado en estos seis meses de administraci\u00f3n.<\/span><\/p>\n<blockquote>\n<p class=\"p2\"><span style=\"font-size: 14pt;\">\u00a0Es necesario que comparezca; si no hay nada que ocultar, no tiene por qu\u00e9 haber pretexto. En Morena son claros los valores y a ellos debemos apegarnos; en el partido se le brinda la oportunidad a quienes trabajen con honestidad, austeridad, transparencia y rindiendo resultados al pueblo y no habr\u00e1 cabida contra quien violente la ley\u201d, recalc\u00f3.<\/span><\/p>\n<\/blockquote>\n<p class=\"p2\"><span style=\"font-size: 14pt;\">La Diputada del Distrito de Poza Rica subray\u00f3 que en Morena no se solapar\u00e1 a quienes abusen del poder para velar por sus propios intereses, ni se tolerar\u00e1 que se practiquen delitos derivados de la corrupci\u00f3n, dado que la poblaci\u00f3n brind\u00f3 su confianza por un mejor gobierno, y en eso se debe trabajar.<\/span><\/p>\n<blockquote>\n<p class=\"p2\"><span style=\"font-size: 14pt;\">\u00a0Como representante del Poder Legislativo reitero que estaremos pendientes del actuar de las administraciones municipales, y colaboraremos para que en aquellas donde existan anomal\u00edas se aclaren, se investigue y se proceda conforme a la ley, porque la prioridad siempre ser\u00e1 el bienestar del pueblo\u201d, sentenci\u00f3.<\/span><\/p>\n<\/blockquote>\n<p class=\"p2\"><span style=\"font-size: 14pt;\">Habr\u00e1 que estar pendiente para ver qu\u00e9 es lo que se hace al respecto.<\/span><\/p>\n<p>&nbsp;<\/p>\n<p class=\"p2\"><span style=\"font-size: 18pt;\"><strong>Cont\u00e1ctanos en nuestras redes sociales:<\/strong><\/span><\/p>\n<p class=\"p2\"><span style=\"font-size: 18pt;\"><strong><a href=\"https:\/\/www.canva.com\/design\/DAEN5B9DWgs\/ZCHd2Z8KueYjlg_d59Op3A\/view\">https:\/\/www.canva.com\/design\/DAEN5B9DWgs\/ZCHd2Z8KueYjlg_d59Op3A\/view<\/a><\/strong><\/span><\/p>\n<p>&nbsp;<\/p>\n<p><span style=\"font-size: 18pt; color: #fa1e43;\"><em><strong>**Las columnas firmadas en este medio son responsabilidad de quienes las firman**<\/strong><\/em><\/span><\/p>\n<p>&nbsp;<\/p>\n<p>&nbsp;<\/p>\n","protected":false},"excerpt":{"rendered":"<p>&nbsp; &lt;&lt; Conf\u00eda Fernando Remes en que es cuate del presidente L\u00f3pez Obrador &gt;&gt; &lt;&lt; Es el alcalde mejor pagado<\/p>\n","protected":false},"author":4,"featured_media":3280,"comment_status":"closed","ping_status":"closed","sticky":false,"template":"","format":"standard","meta":{"colormag_page_container_layout":"default_layout","colormag_page_sidebar_layout":"default_layout","_jetpack_memberships_contains_paid_content":false,"footnotes":"","jetpack_publicize_message":"","jetpack_publicize_feature_enabled":true,"jetpack_social_post_already_shared":false,"jetpack_social_options":{"image_generator_settings":{"template":"highway","default_image_id":0,"font":"","enabled":false},"version":2}},"categories":[6],"tags":[945,273,433],"class_list":["post-5474","post","type-post","status-publish","format-standard","has-post-thumbnail","hentry","category-columnistas","tag-cecilia-guevara","tag-fernando-remes","tag-poza-rica"],"jetpack_publicize_connections":[],"jetpack_featured_media_url":"https:\/\/noticiasveracruz.com\/wp-content\/uploads\/2022\/04\/NV-MIGUEL-A\u0301NGEL-CRISTIANI.png","jetpack_sharing_enabled":true,"publishpress_future_action":{"enabled":false,"date":"2026-05-06 15:25:36","action":"change-status","newStatus":"draft","terms":[],"taxonomy":"category","extraData":[]},"publishpress_future_workflow_manual_trigger":{"enabledWorkflows":[]},"_links":{"self":[{"href":"https:\/\/noticiasveracruz.com\/index.php\/wp-json\/wp\/v2\/posts\/5474","targetHints":{"allow":["GET"]}}],"collection":[{"href":"https:\/\/noticiasveracruz.com\/index.php\/wp-json\/wp\/v2\/posts"}],"about":[{"href":"https:\/\/noticiasveracruz.com\/index.php\/wp-json\/wp\/v2\/types\/post"}],"author":[{"embeddable":true,"href":"https:\/\/noticiasveracruz.com\/index.php\/wp-json\/wp\/v2\/users\/4"}],"replies":[{"embeddable":true,"href":"https:\/\/noticiasveracruz.com\/index.php\/wp-json\/wp\/v2\/comments?post=5474"}],"version-history":[{"count":0,"href":"https:\/\/noticiasveracruz.com\/index.php\/wp-json\/wp\/v2\/posts\/5474\/revisions"}],"wp:featuredmedia":[{"embeddable":true,"href":"https:\/\/noticiasveracruz.com\/index.php\/wp-json\/wp\/v2\/media\/3280"}],"wp:attachment":[{"href":"https:\/\/noticiasveracruz.com\/index.php\/wp-json\/wp\/v2\/media?parent=5474"}],"wp:term":[{"taxonomy":"category","embeddable":true,"href":"https:\/\/noticiasveracruz.com\/index.php\/wp-json\/wp\/v2\/categories?post=5474"},{"taxonomy":"post_tag","embeddable":true,"href":"https:\/\/noticiasveracruz.com\/index.php\/wp-json\/wp\/v2\/tags?post=5474"}],"curies":[{"name":"wp","href":"https:\/\/api.w.org\/{rel}","templated":true}]}}