{"id":5468,"date":"2022-06-23T09:42:42","date_gmt":"2022-06-23T14:42:42","guid":{"rendered":"https:\/\/noticiasveracruz.com\/?p=5468"},"modified":"2022-06-23T09:42:55","modified_gmt":"2022-06-23T14:42:55","slug":"tuxpan-instala-el-sistema-municipal-de-proteccion-integral-de-los-derechos-de-ninas-ninos-y-adolescentes","status":"publish","type":"post","link":"https:\/\/noticiasveracruz.com\/index.php\/2022\/06\/23\/tuxpan-instala-el-sistema-municipal-de-proteccion-integral-de-los-derechos-de-ninas-ninos-y-adolescentes\/","title":{"rendered":"Tuxpan instala el Sistema Municipal de Protecci\u00f3n Integral de los Derechos de Ni\u00f1as, Ni\u00f1os y Adolescentes"},"content":{"rendered":"<p>&nbsp;<\/p>\n<p class=\"p1\"><span style=\"font-size: 14pt;\"><em><strong>Tuxpan.<\/strong><\/em> En pasados d\u00edas en sesi\u00f3n extraordinaria de cabildo se llev\u00f3 a cabo la <strong>Instalaci\u00f3n del Sistema Municipal de Protecci\u00f3n Integral de los Derechos de Ni\u00f1as, Ni\u00f1os y Adolescentes<\/strong>, el cual tiene como prop\u00f3sito la <strong>alineaci\u00f3n, dise\u00f1o e implementaci\u00f3n de la pol\u00edtica p\u00fablica con perspectiva de derechos humanos de la infancia y adolescenci<\/strong>a en los \u00f3rganos, entidades, mecanismos, instancias, leyes, normas, pol\u00edticas, servicios y presupuestos a nivel municipal para <strong>respetar, promover, proteger, restituir y restablecer los derechos de las ni\u00f1as, ni\u00f1os y adolescentes; y reparar el da\u00f1o ante la vulneraci\u00f3n de los mismos.<\/strong><\/span><\/p>\n<p>&nbsp;<\/p>\n<p><img loading=\"lazy\" decoding=\"async\" class=\"aligncenter wp-image-6836 size-large\" src=\"https:\/\/politicosaldesnudo.com.mx\/wp-content\/uploads\/2022\/06\/P-TUXPANPROTECCIO\u0301N-NIN\u0303OS2-1024x573.png\" alt=\"\" width=\"800\" height=\"448\" \/><\/p>\n<p>&nbsp;<\/p>\n<p class=\"p1\"><span style=\"font-size: 18pt;\"><strong>El Sistema Municipal ser\u00e1 presidido por el alcalde Jos\u00e9 Manuel Pozos Castro; Lic. Daniel Cortina Mart\u00ednez, Secretario Ejecutivo; la s\u00edndica Mtra. Beatriz Pi\u00f1a Vergara, comisionada en Gobernaci\u00f3n; Amado Guti\u00e9rrez Lima, Regidor Primero comisionado en Polic\u00eda y Prevenci\u00f3n del Delito; Maryanela Monroy Flores, Regidora Tercera comisionada en Defensa de los Derechos Humanos de la Ni\u00f1ez y la Infancia; Lucero Res\u00e9ndis, Regidora Sexta comisionada en Desarrollo Social, Humano y Regional; y Axel Bernal Herrera, Regidor Octavo comisionado en Asistencia P\u00fablica.<\/strong><\/span><\/p>\n<p>&nbsp;<\/p>\n<p><span style=\"font-size: 18pt;\"><strong>ENTREGAN CONSTANCIA<\/strong><\/span><\/p>\n<p class=\"p1\"><span style=\"font-size: 14pt;\">Por otra parte, en la misma sesi\u00f3n de cabildo se realiz\u00f3 la entrega de la Constancia de Mayor\u00eda como Agente Municipal de la congregaci\u00f3n Alto Lucero, a la C. Bel\u00e9n Reyes Hern\u00e1ndez, luego de que el Tribunal Electoral de Veracruz (TEV) validara la elecci\u00f3n que se celebr\u00f3 pasado 3 de abril.<\/span><\/p>\n<p>&nbsp;<\/p>\n<p><img loading=\"lazy\" decoding=\"async\" class=\"aligncenter wp-image-6837 size-large\" src=\"https:\/\/politicosaldesnudo.com.mx\/wp-content\/uploads\/2022\/06\/P-TUXPANPROTECCIO\u0301N-NIN\u0303OS3-1024x573.png\" alt=\"\" width=\"800\" height=\"448\" \/><\/p>\n<p>&nbsp;<\/p>\n<p class=\"p1\"><span style=\"font-size: 18pt;\"><strong>El alcalde Jos\u00e9 Manuel Pozos Castro hizo hincapi\u00e9 a esta nueva autoridad municipal en que su deber es trabajar en beneficio de su localidad, siempre bajo los principios de honestidad y transparencia.<\/strong><\/span><\/p>\n<p class=\"p1\"><span style=\"font-size: 18pt;\"><strong>Con esta entrega de Constancia y toma de protesta se da por concluido el proceso de elecci\u00f3n de Agentes y Subagentes Municipales en Tuxpan.<\/strong><\/span><\/p>\n<p class=\"p1\"><span style=\"font-size: 14pt;\">En la sesi\u00f3n extraordinaria de Cabildo estuvieron presentes, adem\u00e1s del alcalde Jos\u00e9 Manuel Pozos, la S\u00edndica Beatriz Pi\u00f1a Vergara; as\u00ed como las regidoras y los regidores Amado Guti\u00e9rrez Lima, Mar\u00eda del Pilar Mart\u00ednez Matesanz, Anah\u00ed Aguilar L\u00f3pez, Maryanela Monroy Flores, Juan G\u00f3mez, Lucero Res\u00e9ndis, Luis Demetrio L\u00f3pez Mar\u00edn y Axel Bernal; adem\u00e1s del secretario del Ayuntamiento Jos\u00e9 Armando Huesca Ovando.<\/span><\/p>\n<p>&nbsp;<\/p>\n<p>&nbsp;<\/p>\n<p>&nbsp;<\/p>\n","protected":false},"excerpt":{"rendered":"<p>&nbsp; Tuxpan. En pasados d\u00edas en sesi\u00f3n extraordinaria de cabildo se llev\u00f3 a cabo la Instalaci\u00f3n del Sistema Municipal de<\/p>\n","protected":false},"author":4,"featured_media":5469,"comment_status":"closed","ping_status":"closed","sticky":false,"template":"","format":"standard","meta":{"colormag_page_container_layout":"default_layout","colormag_page_sidebar_layout":"default_layout","_jetpack_memberships_contains_paid_content":false,"footnotes":"","jetpack_publicize_message":"","jetpack_publicize_feature_enabled":true,"jetpack_social_post_already_shared":false,"jetpack_social_options":{"image_generator_settings":{"template":"highway","default_image_id":0,"font":"","enabled":false},"version":2}},"categories":[356],"tags":[944,701,72,73],"class_list":["post-5468","post","type-post","status-publish","format-standard","has-post-thumbnail","hentry","category-veracruz","tag-derechos-de-los-ninos","tag-jose-manuel-pozos","tag-tuxpan","tag-veracruz"],"jetpack_publicize_connections":[],"jetpack_featured_media_url":"https:\/\/noticiasveracruz.com\/wp-content\/uploads\/2022\/06\/P-TUXPANPROTECCIO\u0301N-NIN\u0303OS1.png","jetpack_sharing_enabled":true,"publishpress_future_action":{"enabled":false,"date":"2026-05-06 14:41:29","action":"change-status","newStatus":"draft","terms":[],"taxonomy":"category","extraData":[]},"publishpress_future_workflow_manual_trigger":{"enabledWorkflows":[]},"_links":{"self":[{"href":"https:\/\/noticiasveracruz.com\/index.php\/wp-json\/wp\/v2\/posts\/5468","targetHints":{"allow":["GET"]}}],"collection":[{"href":"https:\/\/noticiasveracruz.com\/index.php\/wp-json\/wp\/v2\/posts"}],"about":[{"href":"https:\/\/noticiasveracruz.com\/index.php\/wp-json\/wp\/v2\/types\/post"}],"author":[{"embeddable":true,"href":"https:\/\/noticiasveracruz.com\/index.php\/wp-json\/wp\/v2\/users\/4"}],"replies":[{"embeddable":true,"href":"https:\/\/noticiasveracruz.com\/index.php\/wp-json\/wp\/v2\/comments?post=5468"}],"version-history":[{"count":0,"href":"https:\/\/noticiasveracruz.com\/index.php\/wp-json\/wp\/v2\/posts\/5468\/revisions"}],"wp:featuredmedia":[{"embeddable":true,"href":"https:\/\/noticiasveracruz.com\/index.php\/wp-json\/wp\/v2\/media\/5469"}],"wp:attachment":[{"href":"https:\/\/noticiasveracruz.com\/index.php\/wp-json\/wp\/v2\/media?parent=5468"}],"wp:term":[{"taxonomy":"category","embeddable":true,"href":"https:\/\/noticiasveracruz.com\/index.php\/wp-json\/wp\/v2\/categories?post=5468"},{"taxonomy":"post_tag","embeddable":true,"href":"https:\/\/noticiasveracruz.com\/index.php\/wp-json\/wp\/v2\/tags?post=5468"}],"curies":[{"name":"wp","href":"https:\/\/api.w.org\/{rel}","templated":true}]}}