{"id":5453,"date":"2022-06-22T16:16:39","date_gmt":"2022-06-22T21:16:39","guid":{"rendered":"https:\/\/noticiasveracruz.com\/?p=5453"},"modified":"2022-06-22T16:16:39","modified_gmt":"2022-06-22T21:16:39","slug":"cfe-restablece-energia-electrica-en-campeche-qroo-y-yucatan","status":"publish","type":"post","link":"https:\/\/noticiasveracruz.com\/index.php\/2022\/06\/22\/cfe-restablece-energia-electrica-en-campeche-qroo-y-yucatan\/","title":{"rendered":"CFE restablece energ\u00eda el\u00e9ctrica en Campeche, QRoo y Yucat\u00e1n"},"content":{"rendered":"<p class=\"p1\"><span style=\"font-size: 14pt;\"><em><strong>Quintana Roo.<\/strong><\/em> La Comisi\u00f3n Federal de Electricidad (CFE) inform\u00f3 que se restableci\u00f3 el servicio el\u00e9ctrico en la pen\u00ednsula en Campeche, Quintana Roo y Yucat\u00e1n, provocado por un empleado.<\/span><\/p>\n<p class=\"p1\"><span style=\"font-size: 18pt;\"><strong>La\u00a0Comisi\u00f3n Federal de Electricidad\u00a0en un comunicado inform\u00f3 que entre las 08:32 y las 8:40 horas\u00a0salieron de operaci\u00f3n seis l\u00edneas de alta tensi\u00f3n, lo cual\u00a0afect\u00f3 a 1.3 millones de usuarios\u00a0en los estados de Campeche, Quintana Roo y Yucat\u00e1n.<\/strong><\/span><\/p>\n<p>&nbsp;<\/p>\n<p><img loading=\"lazy\" decoding=\"async\" class=\"aligncenter wp-image-6821 size-large\" src=\"https:\/\/politicosaldesnudo.com.mx\/wp-content\/uploads\/2022\/06\/CFE2-1024x573.png\" alt=\"\" width=\"800\" height=\"448\" \/><\/p>\n<p>&nbsp;<\/p>\n<p class=\"p1\"><span style=\"font-size: 18pt;\"><strong>Quienes se quedaron sin luz representan el 62% de los usuarios totales de esa regi\u00f3n, seg\u00fan datos de la\u00a0Comisi\u00f3n Federal de Electricidad\u00a0<\/strong><\/span><\/p>\n<p class=\"p1\"><span style=\"font-size: 14pt;\">La CFE ejecut\u00f3 maniobras de restablecimiento en plena coordinaci\u00f3n con el\u00a0Centro Nacional de Control de Energ\u00eda\u00a0(Cenace) y ya restableci\u00f3 el suministro el\u00e9ctrico a los usuarios afectados.<\/span><\/p>\n<p class=\"p1\"><span style=\"font-size: 14pt;\">El\u00a0motivo de la afectaci\u00f3n fue humano,\u00a0se asegur\u00f3.<\/span><\/p>\n<p class=\"p1\"><span style=\"font-size: 18pt;\"><strong>\u201cLamentablemente la causa de la falla fue el\u00a0accidente de un trabajador de la CFE\u00a0que se encontraba dando mantenimiento a una de las l\u00edneas de alta tensi\u00f3n.\u00a0Ya fue trasladado para recibir atenci\u00f3n m\u00e9dica y se reporta estable\u201d.<\/strong><\/span><\/p>\n<p>&nbsp;<\/p>\n<p>&nbsp;<\/p>\n<p>&nbsp;<\/p>\n<p>&nbsp;<\/p>\n","protected":false},"excerpt":{"rendered":"<p>Quintana Roo. La Comisi\u00f3n Federal de Electricidad (CFE) inform\u00f3 que se restableci\u00f3 el servicio el\u00e9ctrico en la pen\u00ednsula en Campeche,<\/p>\n","protected":false},"author":4,"featured_media":5454,"comment_status":"closed","ping_status":"closed","sticky":false,"template":"","format":"standard","meta":{"colormag_page_container_layout":"default_layout","colormag_page_sidebar_layout":"default_layout","_jetpack_memberships_contains_paid_content":false,"footnotes":"","jetpack_publicize_message":"","jetpack_publicize_feature_enabled":true,"jetpack_social_post_already_shared":false,"jetpack_social_options":{"image_generator_settings":{"template":"highway","default_image_id":0,"font":"","enabled":false},"version":2}},"categories":[145],"tags":[686,940,489,942,941],"class_list":["post-5453","post","type-post","status-publish","format-standard","has-post-thumbnail","hentry","category-estados","tag-campeche","tag-cfe","tag-quintana-roo","tag-servicio-electrico","tag-yucatan"],"jetpack_publicize_connections":[],"jetpack_featured_media_url":"https:\/\/noticiasveracruz.com\/wp-content\/uploads\/2022\/06\/CFE.png","jetpack_sharing_enabled":true,"publishpress_future_action":{"enabled":false,"date":"2026-05-04 05:34:40","action":"change-status","newStatus":"draft","terms":[],"taxonomy":"category","extraData":[]},"publishpress_future_workflow_manual_trigger":{"enabledWorkflows":[]},"_links":{"self":[{"href":"https:\/\/noticiasveracruz.com\/index.php\/wp-json\/wp\/v2\/posts\/5453","targetHints":{"allow":["GET"]}}],"collection":[{"href":"https:\/\/noticiasveracruz.com\/index.php\/wp-json\/wp\/v2\/posts"}],"about":[{"href":"https:\/\/noticiasveracruz.com\/index.php\/wp-json\/wp\/v2\/types\/post"}],"author":[{"embeddable":true,"href":"https:\/\/noticiasveracruz.com\/index.php\/wp-json\/wp\/v2\/users\/4"}],"replies":[{"embeddable":true,"href":"https:\/\/noticiasveracruz.com\/index.php\/wp-json\/wp\/v2\/comments?post=5453"}],"version-history":[{"count":0,"href":"https:\/\/noticiasveracruz.com\/index.php\/wp-json\/wp\/v2\/posts\/5453\/revisions"}],"wp:featuredmedia":[{"embeddable":true,"href":"https:\/\/noticiasveracruz.com\/index.php\/wp-json\/wp\/v2\/media\/5454"}],"wp:attachment":[{"href":"https:\/\/noticiasveracruz.com\/index.php\/wp-json\/wp\/v2\/media?parent=5453"}],"wp:term":[{"taxonomy":"category","embeddable":true,"href":"https:\/\/noticiasveracruz.com\/index.php\/wp-json\/wp\/v2\/categories?post=5453"},{"taxonomy":"post_tag","embeddable":true,"href":"https:\/\/noticiasveracruz.com\/index.php\/wp-json\/wp\/v2\/tags?post=5453"}],"curies":[{"name":"wp","href":"https:\/\/api.w.org\/{rel}","templated":true}]}}