{"id":53758,"date":"2025-04-03T00:16:17","date_gmt":"2025-04-03T06:16:17","guid":{"rendered":"https:\/\/noticiasveracruz.com\/?p=53758"},"modified":"2025-04-02T22:10:09","modified_gmt":"2025-04-03T04:10:09","slug":"empleados-de-pemex-bloquean-acceso-terminal-de-pachuca","status":"publish","type":"post","link":"https:\/\/noticiasveracruz.com\/index.php\/2025\/04\/03\/empleados-de-pemex-bloquean-acceso-terminal-de-pachuca\/","title":{"rendered":"Empleados de Pemex bloquean acceso terminal de Pachuca"},"content":{"rendered":"<p class=\"nota-justify\">Uno grupo de trabajadores de Petr\u00f3leos Mexicanos (Pemex) bloquearon los accesos a las instalaciones de la terminal de almacenamiento y distribuci\u00f3n de Pachuca desde las 9.30 horas. Los trabajadores impiden el ingreso de autotanques que surten de combustible a las gasolineras de la zona metropolitana de la capital hidalguense.<\/p>\n<p class=\"nota-justify\">Uno de los manifestantes advirti\u00f3 que se quedar\u00e1n en ese lugar \u201ca ver si as\u00ed nos hacen caso\u00bb. Se\u00f1alan que su protestas se debe a que el servicio m\u00e9dico y el suministro de medicamentos les fueron suspendidos sin explicaci\u00f3n desde el 15 de marzo.<\/p>\n<p class=\"nota-justify\">Tampoco hay hospitalizaci\u00f3n, ni servicio de ginecolog\u00eda, pediatr\u00eda, ni de ninguna otra especialidad; as\u00ed como tampoco de urgencias Con ello, se viola el cap\u00edtulo 14 del Contrato Colectivo de Trabajo de las cl\u00e1usulas 89 a la 128, destacaron.<\/p>\n<p class=\"nota-justify\">Uno de los jubilados dijo que a partir de enero el servicio m\u00e9dico fue \u00abde forma intermitente&#8217; en dos cl\u00ednicas particulares, una de ellas El Marfil. Pero a partir del 15 de marzo, la atenci\u00f3n m\u00e9dica fue suspendida de manera total sin que Pemex les haya informado las causas.<\/p>\n<p class=\"nota-justify\">Son aproximadamente dos mil 300 trabajadores, entre jubilados, pensionados, activos, transitivos y derechohabientes, quienes resultaron afectados por la falta del servicio m\u00e9dico.<\/p>\n<p class=\"nota-justify\">Tras advertir que no van a liberar los accesos, comentaron que ya entregaron un pliego petitorio a funcionarios de Pemex que se encontraban en la planta.<\/p>\n<p class=\"nota-justify\">Advierten que si no hay una respuesta a sus demandas, van a cerrar en pr\u00f3ximas horas ambos sentidos del bulevar Everardo M\u00e1rquez.<\/p>\n","protected":false},"excerpt":{"rendered":"<p>Uno grupo de trabajadores de Petr\u00f3leos Mexicanos (Pemex) bloquearon los accesos a las instalaciones de la terminal de almacenamiento y<\/p>\n","protected":false},"author":4,"featured_media":53759,"comment_status":"closed","ping_status":"closed","sticky":false,"template":"","format":"standard","meta":{"colormag_page_container_layout":"default_layout","colormag_page_sidebar_layout":"default_layout","_jetpack_memberships_contains_paid_content":false,"footnotes":"","jetpack_publicize_message":"","jetpack_publicize_feature_enabled":true,"jetpack_social_post_already_shared":true,"jetpack_social_options":{"image_generator_settings":{"template":"highway","default_image_id":0,"font":"","enabled":false},"version":2}},"categories":[145],"tags":[],"class_list":["post-53758","post","type-post","status-publish","format-standard","has-post-thumbnail","hentry","category-estados"],"jetpack_publicize_connections":[],"jetpack_featured_media_url":"https:\/\/noticiasveracruz.com\/wp-content\/uploads\/2025\/04\/PEMX.jpg","jetpack_sharing_enabled":true,"publishpress_future_action":{"enabled":false,"date":"2026-05-08 05:51:11","action":"change-status","newStatus":"draft","terms":[],"taxonomy":"category","extraData":[]},"publishpress_future_workflow_manual_trigger":{"enabledWorkflows":[]},"_links":{"self":[{"href":"https:\/\/noticiasveracruz.com\/index.php\/wp-json\/wp\/v2\/posts\/53758","targetHints":{"allow":["GET"]}}],"collection":[{"href":"https:\/\/noticiasveracruz.com\/index.php\/wp-json\/wp\/v2\/posts"}],"about":[{"href":"https:\/\/noticiasveracruz.com\/index.php\/wp-json\/wp\/v2\/types\/post"}],"author":[{"embeddable":true,"href":"https:\/\/noticiasveracruz.com\/index.php\/wp-json\/wp\/v2\/users\/4"}],"replies":[{"embeddable":true,"href":"https:\/\/noticiasveracruz.com\/index.php\/wp-json\/wp\/v2\/comments?post=53758"}],"version-history":[{"count":0,"href":"https:\/\/noticiasveracruz.com\/index.php\/wp-json\/wp\/v2\/posts\/53758\/revisions"}],"wp:featuredmedia":[{"embeddable":true,"href":"https:\/\/noticiasveracruz.com\/index.php\/wp-json\/wp\/v2\/media\/53759"}],"wp:attachment":[{"href":"https:\/\/noticiasveracruz.com\/index.php\/wp-json\/wp\/v2\/media?parent=53758"}],"wp:term":[{"taxonomy":"category","embeddable":true,"href":"https:\/\/noticiasveracruz.com\/index.php\/wp-json\/wp\/v2\/categories?post=53758"},{"taxonomy":"post_tag","embeddable":true,"href":"https:\/\/noticiasveracruz.com\/index.php\/wp-json\/wp\/v2\/tags?post=53758"}],"curies":[{"name":"wp","href":"https:\/\/api.w.org\/{rel}","templated":true}]}}