{"id":53719,"date":"2025-04-03T00:03:50","date_gmt":"2025-04-03T06:03:50","guid":{"rendered":"https:\/\/noticiasveracruz.com\/?p=53719"},"modified":"2025-04-02T21:26:32","modified_gmt":"2025-04-03T03:26:32","slug":"llegaran-100-unidades-de-transporte-publico","status":"publish","type":"post","link":"https:\/\/noticiasveracruz.com\/index.php\/2025\/04\/03\/llegaran-100-unidades-de-transporte-publico\/","title":{"rendered":"Llegar\u00e1n 100 unidades de transporte p\u00fablico"},"content":{"rendered":"<p>En un plazo de tres meses, la zona conurbada Veracruz-Boca del R\u00edo contar\u00e1 con 100 nuevas unidades de transporte p\u00fablico, como parte del plan de modernizaci\u00f3n del servicio impulsado por la gobernadora Roc\u00edo Nahle Garc\u00eda.<\/p>\n<p>\u201cAyer determinamos que, en lugar de iniciar con 50, arrancaremos con 100 camiones, ya fijamos un precio y nos dieron ese plazo de entrega\u201d, se\u00f1al\u00f3 en entrevista para Avan Radio.<\/p>\n<p>Confirm\u00f3 que son veh\u00edculos h\u00edbridos que permitir\u00e1n un importante ahorro en combustible y contribuir\u00e1 a la eficiencia del sistema de movilidad urbana; la transici\u00f3n a las nuevas unidades se realizar\u00e1 a trav\u00e9s de un fideicomiso con concesionarios, garantizando un proceso ordenado y estructurado.<\/p>\n<p>Las unidades ser\u00e1n de dos tama\u00f1os diferentes para adaptarse a las caracter\u00edsticas de cada ruta. De manera simult\u00e1nea, se est\u00e1n realizando pruebas con camiones de diversas marcas para evaluar las mejores opciones.<\/p>\n<p>Por \u00faltimo, la Gobernadora destac\u00f3 la colaboraci\u00f3n con transportistas y concesionarios en este esfuerzo conjunto con el Gobierno estatal para hacer el cambio de manera ordenada y efectiva.<\/p>\n","protected":false},"excerpt":{"rendered":"<p>En un plazo de tres meses, la zona conurbada Veracruz-Boca del R\u00edo contar\u00e1 con 100 nuevas unidades de transporte p\u00fablico,<\/p>\n","protected":false},"author":4,"featured_media":53720,"comment_status":"closed","ping_status":"closed","sticky":false,"template":"","format":"standard","meta":{"colormag_page_container_layout":"default_layout","colormag_page_sidebar_layout":"default_layout","_jetpack_memberships_contains_paid_content":false,"footnotes":"","jetpack_publicize_message":"","jetpack_publicize_feature_enabled":true,"jetpack_social_post_already_shared":true,"jetpack_social_options":{"image_generator_settings":{"template":"highway","default_image_id":0,"font":"","enabled":false},"version":2}},"categories":[356],"tags":[],"class_list":["post-53719","post","type-post","status-publish","format-standard","has-post-thumbnail","hentry","category-veracruz"],"jetpack_publicize_connections":[],"jetpack_featured_media_url":"https:\/\/noticiasveracruz.com\/wp-content\/uploads\/2025\/04\/9c-1.jpg","jetpack_sharing_enabled":true,"publishpress_future_action":{"enabled":false,"date":"2026-05-10 06:45:36","action":"change-status","newStatus":"draft","terms":[],"taxonomy":"category","extraData":[]},"publishpress_future_workflow_manual_trigger":{"enabledWorkflows":[]},"_links":{"self":[{"href":"https:\/\/noticiasveracruz.com\/index.php\/wp-json\/wp\/v2\/posts\/53719","targetHints":{"allow":["GET"]}}],"collection":[{"href":"https:\/\/noticiasveracruz.com\/index.php\/wp-json\/wp\/v2\/posts"}],"about":[{"href":"https:\/\/noticiasveracruz.com\/index.php\/wp-json\/wp\/v2\/types\/post"}],"author":[{"embeddable":true,"href":"https:\/\/noticiasveracruz.com\/index.php\/wp-json\/wp\/v2\/users\/4"}],"replies":[{"embeddable":true,"href":"https:\/\/noticiasveracruz.com\/index.php\/wp-json\/wp\/v2\/comments?post=53719"}],"version-history":[{"count":0,"href":"https:\/\/noticiasveracruz.com\/index.php\/wp-json\/wp\/v2\/posts\/53719\/revisions"}],"wp:featuredmedia":[{"embeddable":true,"href":"https:\/\/noticiasveracruz.com\/index.php\/wp-json\/wp\/v2\/media\/53720"}],"wp:attachment":[{"href":"https:\/\/noticiasveracruz.com\/index.php\/wp-json\/wp\/v2\/media?parent=53719"}],"wp:term":[{"taxonomy":"category","embeddable":true,"href":"https:\/\/noticiasveracruz.com\/index.php\/wp-json\/wp\/v2\/categories?post=53719"},{"taxonomy":"post_tag","embeddable":true,"href":"https:\/\/noticiasveracruz.com\/index.php\/wp-json\/wp\/v2\/tags?post=53719"}],"curies":[{"name":"wp","href":"https:\/\/api.w.org\/{rel}","templated":true}]}}