{"id":53716,"date":"2025-04-03T00:02:54","date_gmt":"2025-04-03T06:02:54","guid":{"rendered":"https:\/\/noticiasveracruz.com\/?p=53716"},"modified":"2025-04-02T21:25:41","modified_gmt":"2025-04-03T03:25:41","slug":"voy-a-rescatar-a-coatzacoalcos-rn","status":"publish","type":"post","link":"https:\/\/noticiasveracruz.com\/index.php\/2025\/04\/03\/voy-a-rescatar-a-coatzacoalcos-rn\/","title":{"rendered":"Voy a rescatar a Coatzacoalcos: RN"},"content":{"rendered":"<p>La gobernadora Roc\u00edo Nahle Garc\u00eda inform\u00f3 sobre los avances y nuevos proyectos que se llevar\u00e1n a cabo en el sur, destacando un enfoque integral en infraestructura y la recuperaci\u00f3n de espacios p\u00fablicos.<\/p>\n<p>En entrevista para Radio Hit, destac\u00f3 la construcci\u00f3n del Puente Coatzacoalcos I, un proyecto clave para la modernizaci\u00f3n de la infraestructura vial en la regi\u00f3n entre la Federaci\u00f3n y el Estado.<\/p>\n<p>\u00abYa est\u00e1 definida la construcci\u00f3n, que se iniciar\u00e1 este a\u00f1o, y ser\u00e1 un trabajo conjunto entre las secretar\u00edas de Infraestructura, Comunicaciones y Transportes y la Secretar\u00eda de Infraestructura y Obras P\u00fablicas de Veracruz\u201d,<\/p>\n<p>Otro proyecto relevante es el reencarpetado y la ampliaci\u00f3n de la carretera a Canticas, que conecta Coatzacoalcos, Cosoleacaque y Minatitl\u00e1n, as\u00ed como la rehabilitaci\u00f3n con concreto hidr\u00e1ulico del tramo Las Matas, cuya conclusi\u00f3n est\u00e1 prevista para este mes de abril.<\/p>\n<p>Tambi\u00e9n mencion\u00f3 las mejoras que se est\u00e1n llevando a cabo en el bulevar que conecta a los complejos industriales y la zona de Nuevo Teapa, destacando la importancia de estos trabajos para impulsar el desarrollo econ\u00f3mico y la conectividad de la regi\u00f3n.<\/p>\n<p>En cuanto a los espacios p\u00fablicos, hizo \u00e9nfasis en la rehabilitaci\u00f3n del malec\u00f3n de Coatzacoalcos, un proyecto que considera prioritario: \u201cVoy a arreglar todo el malec\u00f3n. S\u00e9 que ser\u00e1 un proceso largo y llevar\u00e1 meses, pero como lo he dicho antes, voy a rescatar mi pueblo, y eso incluye a Coatzacoalcos\u201d.<\/p>\n<p>Finalmente, destac\u00f3 la colaboraci\u00f3n con el Ayuntamiento de Coatzacoalcos y la Comisi\u00f3n del Agua del Estado de Veracruz, quienes est\u00e1n trabajando en la reparaci\u00f3n de baches, socavones y fugas que afectaban las principales vialidades de la ciudad, mejorando as\u00ed la seguridad vial y la calidad de vida de los habitantes.<\/p>\n","protected":false},"excerpt":{"rendered":"<p>La gobernadora Roc\u00edo Nahle Garc\u00eda inform\u00f3 sobre los avances y nuevos proyectos que se llevar\u00e1n a cabo en el sur,<\/p>\n","protected":false},"author":4,"featured_media":53717,"comment_status":"closed","ping_status":"closed","sticky":false,"template":"","format":"standard","meta":{"colormag_page_container_layout":"default_layout","colormag_page_sidebar_layout":"default_layout","_jetpack_memberships_contains_paid_content":false,"footnotes":"","jetpack_publicize_message":"","jetpack_publicize_feature_enabled":true,"jetpack_social_post_already_shared":true,"jetpack_social_options":{"image_generator_settings":{"template":"highway","default_image_id":0,"font":"","enabled":false},"version":2}},"categories":[356],"tags":[],"class_list":["post-53716","post","type-post","status-publish","format-standard","has-post-thumbnail","hentry","category-veracruz"],"jetpack_publicize_connections":[],"jetpack_featured_media_url":"https:\/\/noticiasveracruz.com\/wp-content\/uploads\/2025\/04\/9b.jpg","jetpack_sharing_enabled":true,"publishpress_future_action":{"enabled":false,"date":"2026-05-08 03:27:37","action":"change-status","newStatus":"draft","terms":[],"taxonomy":"category","extraData":[]},"publishpress_future_workflow_manual_trigger":{"enabledWorkflows":[]},"_links":{"self":[{"href":"https:\/\/noticiasveracruz.com\/index.php\/wp-json\/wp\/v2\/posts\/53716","targetHints":{"allow":["GET"]}}],"collection":[{"href":"https:\/\/noticiasveracruz.com\/index.php\/wp-json\/wp\/v2\/posts"}],"about":[{"href":"https:\/\/noticiasveracruz.com\/index.php\/wp-json\/wp\/v2\/types\/post"}],"author":[{"embeddable":true,"href":"https:\/\/noticiasveracruz.com\/index.php\/wp-json\/wp\/v2\/users\/4"}],"replies":[{"embeddable":true,"href":"https:\/\/noticiasveracruz.com\/index.php\/wp-json\/wp\/v2\/comments?post=53716"}],"version-history":[{"count":0,"href":"https:\/\/noticiasveracruz.com\/index.php\/wp-json\/wp\/v2\/posts\/53716\/revisions"}],"wp:featuredmedia":[{"embeddable":true,"href":"https:\/\/noticiasveracruz.com\/index.php\/wp-json\/wp\/v2\/media\/53717"}],"wp:attachment":[{"href":"https:\/\/noticiasveracruz.com\/index.php\/wp-json\/wp\/v2\/media?parent=53716"}],"wp:term":[{"taxonomy":"category","embeddable":true,"href":"https:\/\/noticiasveracruz.com\/index.php\/wp-json\/wp\/v2\/categories?post=53716"},{"taxonomy":"post_tag","embeddable":true,"href":"https:\/\/noticiasveracruz.com\/index.php\/wp-json\/wp\/v2\/tags?post=53716"}],"curies":[{"name":"wp","href":"https:\/\/api.w.org\/{rel}","templated":true}]}}