{"id":53713,"date":"2025-04-03T00:01:26","date_gmt":"2025-04-03T06:01:26","guid":{"rendered":"https:\/\/noticiasveracruz.com\/?p=53713"},"modified":"2025-04-02T21:24:45","modified_gmt":"2025-04-03T03:24:45","slug":"veracruz-cuenta-con-magisterio-de-primera","status":"publish","type":"post","link":"https:\/\/noticiasveracruz.com\/index.php\/2025\/04\/03\/veracruz-cuenta-con-magisterio-de-primera\/","title":{"rendered":"Veracruz cuenta con magisterio de primera"},"content":{"rendered":"<p>Con trabajo en territorio, organizaci\u00f3n y orden, se garantizar\u00e1 la presencia de profesores en las 9 mil 428 primarias de la entidad, asegur\u00f3 la gobernadora Roc\u00edo Nahle Garc\u00eda durante la Cuarta Reuni\u00f3n de Evaluaci\u00f3n para la Mejora Educativa en la zona norte.<\/p>\n<p>Enfatiz\u00f3 la urgente necesidad de combatir el rezago educativo, se\u00f1alando que Veracruz ocupa el segundo lugar a nivel nacional en ni\u00f1os que no concluyen la primaria y el tercer lugar en j\u00f3venes que no terminan la secundaria.<\/p>\n<p>\u201cComo Gobernadora, asumo la responsabilidad de resolver esta situaci\u00f3n. Lo primordial es garantizar que haya maestros en las aulas. Contamos con un magisterio de primera, pero debemos organizarnos mejor para que cada escuela tenga la plantilla completa\u201d, expuso acompa\u00f1ada de la secretaria de Educaci\u00f3n de Veracruz, Claudia Tello Espinosa.<\/p>\n<p>Otro punto clave abordado fue la necesidad de contar con especialistas en educaci\u00f3n f\u00edsica en todas las instituciones, \u201caspiro a que, como m\u00ednimo, cada escuela cuente con uno, la actividad f\u00edsica es esencial para el desarrollo integral de nuestros ni\u00f1os y j\u00f3venes\u201d, afirm\u00f3.<\/p>\n<p>Adem\u00e1s, la Mandataria destac\u00f3 la importancia de fortalecer los valores y la disciplina en los planteles, subrayando el papel fundamental de los padres, por ello, propuso retomar la iniciativa de la Escuela para Padres, implementada en 2010, la cual busca fomentar la corresponsabilidad entre docentes, madres y padres de familia.<\/p>\n<p>Subray\u00f3 que este programa deber\u00eda ser impulsado por los ayuntamientos y el DIF municipal, especialmente en zonas urbanizadas, donde se han perdido ciertas pr\u00e1cticas educativas y valores que a\u00fan se preservan en comunidades rurales e ind\u00edgenas.<\/p>\n<p>Durante el di\u00e1logo, Roc\u00edo Nahle comparti\u00f3 que la presidenta Claudia Sheinbaum Pardo ha impulsado medidas como descuentos y la congelaci\u00f3n de cr\u00e9ditos impagables del Fovissste, as\u00ed como la reactivaci\u00f3n de la construcci\u00f3n de viviendas para los trabajadores de la educaci\u00f3n.<\/p>\n<p>Asimismo, garantiz\u00f3 que no habr\u00e1 incremento en la edad de jubilaci\u00f3n y anunci\u00f3 la realizaci\u00f3n de foros para dise\u00f1ar un nuevo modelo que fortalezca el ingreso, la promoci\u00f3n y el reconocimiento del magisterio, adem\u00e1s del retiro de la reforma a la Ley del ISSSTE.<\/p>\n","protected":false},"excerpt":{"rendered":"<p>Con trabajo en territorio, organizaci\u00f3n y orden, se garantizar\u00e1 la presencia de profesores en las 9 mil 428 primarias de<\/p>\n","protected":false},"author":4,"featured_media":53714,"comment_status":"closed","ping_status":"closed","sticky":false,"template":"","format":"standard","meta":{"colormag_page_container_layout":"default_layout","colormag_page_sidebar_layout":"default_layout","_jetpack_memberships_contains_paid_content":false,"footnotes":"","jetpack_publicize_message":"","jetpack_publicize_feature_enabled":true,"jetpack_social_post_already_shared":true,"jetpack_social_options":{"image_generator_settings":{"template":"highway","default_image_id":0,"font":"","enabled":false},"version":2}},"categories":[356],"tags":[],"class_list":["post-53713","post","type-post","status-publish","format-standard","has-post-thumbnail","hentry","category-veracruz"],"jetpack_publicize_connections":[],"jetpack_featured_media_url":"https:\/\/noticiasveracruz.com\/wp-content\/uploads\/2025\/04\/9a1-1-scaled.jpg","jetpack_sharing_enabled":true,"publishpress_future_action":{"enabled":false,"date":"2026-05-05 23:07:12","action":"change-status","newStatus":"draft","terms":[],"taxonomy":"category","extraData":[]},"publishpress_future_workflow_manual_trigger":{"enabledWorkflows":[]},"_links":{"self":[{"href":"https:\/\/noticiasveracruz.com\/index.php\/wp-json\/wp\/v2\/posts\/53713","targetHints":{"allow":["GET"]}}],"collection":[{"href":"https:\/\/noticiasveracruz.com\/index.php\/wp-json\/wp\/v2\/posts"}],"about":[{"href":"https:\/\/noticiasveracruz.com\/index.php\/wp-json\/wp\/v2\/types\/post"}],"author":[{"embeddable":true,"href":"https:\/\/noticiasveracruz.com\/index.php\/wp-json\/wp\/v2\/users\/4"}],"replies":[{"embeddable":true,"href":"https:\/\/noticiasveracruz.com\/index.php\/wp-json\/wp\/v2\/comments?post=53713"}],"version-history":[{"count":0,"href":"https:\/\/noticiasveracruz.com\/index.php\/wp-json\/wp\/v2\/posts\/53713\/revisions"}],"wp:featuredmedia":[{"embeddable":true,"href":"https:\/\/noticiasveracruz.com\/index.php\/wp-json\/wp\/v2\/media\/53714"}],"wp:attachment":[{"href":"https:\/\/noticiasveracruz.com\/index.php\/wp-json\/wp\/v2\/media?parent=53713"}],"wp:term":[{"taxonomy":"category","embeddable":true,"href":"https:\/\/noticiasveracruz.com\/index.php\/wp-json\/wp\/v2\/categories?post=53713"},{"taxonomy":"post_tag","embeddable":true,"href":"https:\/\/noticiasveracruz.com\/index.php\/wp-json\/wp\/v2\/tags?post=53713"}],"curies":[{"name":"wp","href":"https:\/\/api.w.org\/{rel}","templated":true}]}}