{"id":53709,"date":"2025-04-02T21:18:03","date_gmt":"2025-04-03T03:18:03","guid":{"rendered":"https:\/\/noticiasveracruz.com\/?p=53709"},"modified":"2025-04-02T21:18:03","modified_gmt":"2025-04-03T03:18:03","slug":"continua-la-campana-permanente-de-canje-de-armas-de-fuego-en-el-modulo-de-defensa-instalado-en-presidencia-municipal","status":"publish","type":"post","link":"https:\/\/noticiasveracruz.com\/index.php\/2025\/04\/02\/continua-la-campana-permanente-de-canje-de-armas-de-fuego-en-el-modulo-de-defensa-instalado-en-presidencia-municipal\/","title":{"rendered":"Contin\u00faa la campa\u00f1a permanente de Canje de Armas de Fuego, en el m\u00f3dulo de Defensa instalado en presidencia municipal"},"content":{"rendered":"<p>Tuxpan, Ver., 2 de abril de 2025.- A fin de impactar positivamente en la prevenci\u00f3n social del delito, la cultura y construcci\u00f3n de la paz, Defensa est\u00e1 implementando una campa\u00f1a permanente de Canje de Armas de Fuego.<\/p>\n<p><img loading=\"lazy\" decoding=\"async\" class=\"alignnone size-medium wp-image-53710\" src=\"http:\/\/noticiasveracruz.com\/wp-content\/uploads\/2025\/04\/WhatsApp-Image-2025-04-02-at-15.39.57-1-300x200.jpeg\" alt=\"\" width=\"300\" height=\"200\" srcset=\"https:\/\/noticiasveracruz.com\/wp-content\/uploads\/2025\/04\/WhatsApp-Image-2025-04-02-at-15.39.57-1-300x200.jpeg 300w, https:\/\/noticiasveracruz.com\/wp-content\/uploads\/2025\/04\/WhatsApp-Image-2025-04-02-at-15.39.57-1-1024x681.jpeg 1024w, https:\/\/noticiasveracruz.com\/wp-content\/uploads\/2025\/04\/WhatsApp-Image-2025-04-02-at-15.39.57-1-768x511.jpeg 768w, https:\/\/noticiasveracruz.com\/wp-content\/uploads\/2025\/04\/WhatsApp-Image-2025-04-02-at-15.39.57-1-1536x1021.jpeg 1536w, https:\/\/noticiasveracruz.com\/wp-content\/uploads\/2025\/04\/WhatsApp-Image-2025-04-02-at-15.39.57-1.jpeg 1600w\" sizes=\"auto, (max-width: 300px) 100vw, 300px\" \/><\/p>\n<p>Se invita a la ciudadan\u00eda a cambiar cualquier tipo de armamento que tengan en posesi\u00f3n por un est\u00edmulo econ\u00f3mico, de acuerdo con el \u201cTabulador de armas, municiones y explosivos\u201d.<\/p>\n<p>El m\u00f3dulo de canje se encuentra en presidencia municipal y se atender\u00e1 de lunes a viernes de 10:00 a 13:00 horas.<\/p>\n<p>Con estas acciones, Defensa busca concientizar a la poblaci\u00f3n de todas las edades sobre el peligro y las consecuencias de poseer o manipular armas de fuego, municiones o explosivos en su domicilio.<\/p>\n","protected":false},"excerpt":{"rendered":"<p>Tuxpan, Ver., 2 de abril de 2025.- A fin de impactar positivamente en la prevenci\u00f3n social del delito, la cultura<\/p>\n","protected":false},"author":4,"featured_media":53711,"comment_status":"closed","ping_status":"closed","sticky":false,"template":"","format":"standard","meta":{"colormag_page_container_layout":"default_layout","colormag_page_sidebar_layout":"default_layout","_jetpack_memberships_contains_paid_content":false,"footnotes":"","jetpack_publicize_message":"","jetpack_publicize_feature_enabled":true,"jetpack_social_post_already_shared":true,"jetpack_social_options":{"image_generator_settings":{"template":"highway","default_image_id":0,"font":"","enabled":false},"version":2}},"categories":[3372,356],"tags":[],"class_list":["post-53709","post","type-post","status-publish","format-standard","has-post-thumbnail","hentry","category-gobierno-tuxpan","category-veracruz"],"jetpack_publicize_connections":[],"jetpack_featured_media_url":"https:\/\/noticiasveracruz.com\/wp-content\/uploads\/2025\/04\/WhatsApp-Image-2025-04-02-at-15.39.57.jpeg","jetpack_sharing_enabled":true,"publishpress_future_action":{"enabled":false,"date":"2026-05-05 23:01:28","action":"change-status","newStatus":"draft","terms":[],"taxonomy":"category","extraData":[]},"publishpress_future_workflow_manual_trigger":{"enabledWorkflows":[]},"_links":{"self":[{"href":"https:\/\/noticiasveracruz.com\/index.php\/wp-json\/wp\/v2\/posts\/53709","targetHints":{"allow":["GET"]}}],"collection":[{"href":"https:\/\/noticiasveracruz.com\/index.php\/wp-json\/wp\/v2\/posts"}],"about":[{"href":"https:\/\/noticiasveracruz.com\/index.php\/wp-json\/wp\/v2\/types\/post"}],"author":[{"embeddable":true,"href":"https:\/\/noticiasveracruz.com\/index.php\/wp-json\/wp\/v2\/users\/4"}],"replies":[{"embeddable":true,"href":"https:\/\/noticiasveracruz.com\/index.php\/wp-json\/wp\/v2\/comments?post=53709"}],"version-history":[{"count":0,"href":"https:\/\/noticiasveracruz.com\/index.php\/wp-json\/wp\/v2\/posts\/53709\/revisions"}],"wp:featuredmedia":[{"embeddable":true,"href":"https:\/\/noticiasveracruz.com\/index.php\/wp-json\/wp\/v2\/media\/53711"}],"wp:attachment":[{"href":"https:\/\/noticiasveracruz.com\/index.php\/wp-json\/wp\/v2\/media?parent=53709"}],"wp:term":[{"taxonomy":"category","embeddable":true,"href":"https:\/\/noticiasveracruz.com\/index.php\/wp-json\/wp\/v2\/categories?post=53709"},{"taxonomy":"post_tag","embeddable":true,"href":"https:\/\/noticiasveracruz.com\/index.php\/wp-json\/wp\/v2\/tags?post=53709"}],"curies":[{"name":"wp","href":"https:\/\/api.w.org\/{rel}","templated":true}]}}