{"id":53699,"date":"2025-04-02T14:03:48","date_gmt":"2025-04-02T20:03:48","guid":{"rendered":"https:\/\/noticiasveracruz.com\/index.php\/2025\/04\/02\/el-sol-de-las-huastecas-3\/"},"modified":"2025-04-02T14:20:03","modified_gmt":"2025-04-02T20:20:03","slug":"el-sol-de-las-huastecas-3","status":"publish","type":"post","link":"https:\/\/noticiasveracruz.com\/index.php\/2025\/04\/02\/el-sol-de-las-huastecas-3\/","title":{"rendered":"El Sol de las Huastecas"},"content":{"rendered":"\n<p>\uf3ac \uf3a4Amigos y amigas, los invitamos a ver NUESTRO PROGRAMA *EL SOL DE LAS HUASTECAS* conducido por \u00c1ngel \u00c1lvaro Pe\u00f1a y Maura Evelia Aguiar Jim\u00e9nez; realizado por un equipo de profesionales, donde trataremos temas de actualidad en el mundo de la pol\u00edtica, el deporte, la cultura y m\u00e1s&#8230; <a href=\"https:\/\/www.facebook.com\/share\/v\/18pEesKbPE\/\" target=\"_blank\" rel=\"noreferrer noopener\">https:\/\/www.facebook.com\/share\/v\/18pEesKbPE\/<\/a><\/p>\n","protected":false},"excerpt":{"rendered":"<p>\uf3ac \uf3a4Amigos y amigas, los invitamos a ver NUESTRO PROGRAMA *EL SOL DE LAS HUASTECAS* conducido por \u00c1ngel \u00c1lvaro Pe\u00f1a<\/p>\n","protected":false},"author":4,"featured_media":53698,"comment_status":"closed","ping_status":"closed","sticky":false,"template":"","format":"standard","meta":{"colormag_page_container_layout":"default_layout","colormag_page_sidebar_layout":"default_layout","_jetpack_memberships_contains_paid_content":false,"footnotes":"","jetpack_publicize_message":"","jetpack_publicize_feature_enabled":true,"jetpack_social_post_already_shared":true,"jetpack_social_options":{"image_generator_settings":{"template":"highway","default_image_id":0,"font":"","enabled":false},"version":2}},"categories":[6],"tags":[],"class_list":["post-53699","post","type-post","status-publish","format-standard","has-post-thumbnail","hentry","category-columnistas"],"jetpack_publicize_connections":[],"jetpack_featured_media_url":"https:\/\/noticiasveracruz.com\/wp-content\/uploads\/2025\/04\/Screenshot_20250402_135641_Facebook.jpg","jetpack_sharing_enabled":true,"publishpress_future_action":{"enabled":false,"date":"2026-05-05 23:07:07","action":"change-status","newStatus":"draft","terms":[],"taxonomy":"category","extraData":[]},"publishpress_future_workflow_manual_trigger":{"enabledWorkflows":[]},"_links":{"self":[{"href":"https:\/\/noticiasveracruz.com\/index.php\/wp-json\/wp\/v2\/posts\/53699","targetHints":{"allow":["GET"]}}],"collection":[{"href":"https:\/\/noticiasveracruz.com\/index.php\/wp-json\/wp\/v2\/posts"}],"about":[{"href":"https:\/\/noticiasveracruz.com\/index.php\/wp-json\/wp\/v2\/types\/post"}],"author":[{"embeddable":true,"href":"https:\/\/noticiasveracruz.com\/index.php\/wp-json\/wp\/v2\/users\/4"}],"replies":[{"embeddable":true,"href":"https:\/\/noticiasveracruz.com\/index.php\/wp-json\/wp\/v2\/comments?post=53699"}],"version-history":[{"count":0,"href":"https:\/\/noticiasveracruz.com\/index.php\/wp-json\/wp\/v2\/posts\/53699\/revisions"}],"wp:featuredmedia":[{"embeddable":true,"href":"https:\/\/noticiasveracruz.com\/index.php\/wp-json\/wp\/v2\/media\/53698"}],"wp:attachment":[{"href":"https:\/\/noticiasveracruz.com\/index.php\/wp-json\/wp\/v2\/media?parent=53699"}],"wp:term":[{"taxonomy":"category","embeddable":true,"href":"https:\/\/noticiasveracruz.com\/index.php\/wp-json\/wp\/v2\/categories?post=53699"},{"taxonomy":"post_tag","embeddable":true,"href":"https:\/\/noticiasveracruz.com\/index.php\/wp-json\/wp\/v2\/tags?post=53699"}],"curies":[{"name":"wp","href":"https:\/\/api.w.org\/{rel}","templated":true}]}}