{"id":53693,"date":"2025-04-02T00:24:29","date_gmt":"2025-04-02T06:24:29","guid":{"rendered":"https:\/\/noticiasveracruz.com\/?p=53693"},"modified":"2025-04-01T23:56:58","modified_gmt":"2025-04-02T05:56:58","slug":"sigue-guerra-sucia-contra-andrea-chavez","status":"publish","type":"post","link":"https:\/\/noticiasveracruz.com\/index.php\/2025\/04\/02\/sigue-guerra-sucia-contra-andrea-chavez\/","title":{"rendered":"Sigue guerra sucia contra Andrea Ch\u00e1vez"},"content":{"rendered":"<p><span style=\"font-size: 18pt; font-family: arial, helvetica, sans-serif;\"><strong>ALMA GRANDE<\/strong><\/span><\/p>\n<p><span style=\"font-size: 18pt; font-family: arial, helvetica, sans-serif;\"><strong>Por \u00c1ngel \u00c1lvaro Pe\u00f1a<\/strong><\/span><\/p>\n<p><span style=\"font-size: 14pt; font-family: arial, helvetica, sans-serif;\">Ahora, se re\u00fanen los panistas, como es su costumbre, en la Fiscal\u00eda General de la Rep\u00fablica, para presentar una denuncia contra la senadora de Morena, Andrea Ch\u00e1vez Trevi\u00f1o, como probable culpable de la comisi\u00f3n de 15 delitos del orden federal.<\/span><\/p>\n<p><span style=\"font-size: 14pt; font-family: arial, helvetica, sans-serif;\">El presidente nacional del PAN, Jorge Romero Herrera, junto a la presidenta estatal del partido albiazul en Chihuahua, Daniela \u00c1lvarez, quien hab\u00eda anunciado p\u00fablicamente que, si algo le llegara a pasar era responsabilidad de Andrea Ch\u00e1vez, entregaron el documento en la oficial\u00eda de partes.<\/span><\/p>\n<p><span style=\"font-size: 14pt; font-family: arial, helvetica, sans-serif;\">En la Fiscal\u00eda General de la Rep\u00fablica Delegaci\u00f3n de la Ciudad de M\u00e9xico acudieron los l\u00edderes albiazules junto a su abogado Roberto Gil Zuarth, quien est\u00e1 concursando por convertirse en ministro de la Suprema Corte de Justicia, detall\u00f3 estos hechos, que, desde su perspectiva ya no ameritan ninguna controversia porque han sido aceptados por la propia senadora Andrea Ch\u00e1vez.<\/span><\/p>\n<p><span style=\"font-size: 14pt; font-family: arial, helvetica, sans-serif;\">Se olvidan que es una tarea propia de los legisladores, gestionar las necesidades de la poblaci\u00f3n que representan, pero el ex secretario de Felipe Calder\u00f3n, afirma que el dinero con el que realiza esa tarea es mal habido, por lo que responsabiliza al empresario Fernando Padilla Farf\u00e1n de haber obtenido contratos con los gobiernos de Chiapas y Tabasco por m\u00e1s de dos mil 500 millones de pesos, poco transparentes, seg\u00fan interpretaci\u00f3n del panista se trata de una labor ilegal y, adem\u00e1s, descubri\u00f3 una bodega llena de art\u00edculos de salud, con la imagen de la senadora morenista.<\/span><\/p>\n<p><span style=\"font-size: 14pt; font-family: arial, helvetica, sans-serif;\">Acusan a la senadora de actos adelantados de campa\u00f1a, cuando las elecciones ser\u00e1n dentro de m\u00e1s de dos a\u00f1os.<\/span><\/p>\n<p><span style=\"font-size: 14pt; font-family: arial, helvetica, sans-serif;\">Seg\u00fan los panistas, Andrea Ch\u00e1vez cuenta con una flota de unidades m\u00e9dicas que recorren Ciudad Ju\u00e1rez ofreciendo consultas gratuitas; las unidades pertenecen a FMedical, empresa ligada a Fernando Padilla Farf\u00e1n, contratista cercano a Ad\u00e1n Augusto L\u00f3pez.<\/span><\/p>\n<p><span style=\"font-size: 14pt; font-family: arial, helvetica, sans-serif;\">\u201cPrimero, encontramos la existencia de contratos p\u00fablicos por m\u00e1s de 2,500 millones de pesos a una empresa y a un empresario que adem\u00e1s de prestar servicios, bienes y servicios en materia de salud hace construcci\u00f3n de obra p\u00fablica en diversos estados de la Rep\u00fablica\u00bb, asegur\u00f3 Romero Herrera, l\u00edder nacional del PAN.<\/span><\/p>\n<p><span style=\"font-size: 14pt; font-family: arial, helvetica, sans-serif;\">La presidenta del PAN en Chihuahua, Daniela \u00c1lvarez, afirm\u00f3 que como ya lo hab\u00edan dicho: esto no es un juego, es una cosa muy seria y por ello, denunciaron como se ha denominado desde el estado de Chihuahua al \u201cC\u00e1rtel de Tabasco\u201d por la intromisi\u00f3n y por los presuntos delitos.<\/span><\/p>\n<p><span style=\"font-size: 14pt; font-family: arial, helvetica, sans-serif;\">Se han pronunciado en favor de Andrea Ch\u00e1vez las mujeres senadoras y diputadas, as\u00ed como la lideresa del partido Luisa Mar\u00eda Alcalde y el l\u00edder del Senado, Gerardo Fern\u00e1ndez Noro\u00f1a.<\/span><\/p>\n<p><span style=\"font-size: 14pt; font-family: arial, helvetica, sans-serif;\">Los delitos por los que se le acusa son: defraudaci\u00f3n fiscal, ejercicio il\u00edcito del servicio p\u00fablico, abuso de autoridad, coalici\u00f3n de servidores p\u00fablicos, uso il\u00edcito de atribuciones y facultades, del pago y recibo indebido de remuneraciones, concusi\u00f3n, ejercicio abusivo de funciones, tr\u00e1fico de influencias, cohecho, peculado, enriquecimiento il\u00edcito, operaciones con recursos de procedencia il\u00edcita, desvi\u00f3 de recursos en materia de salud y delincuencia organizada.<\/span><\/p>\n<p><span style=\"font-size: 14pt; font-family: arial, helvetica, sans-serif;\">Desde el a\u00f1o pasado, Andrea Ch\u00e1vez ha sido objeto de una campa\u00f1a sucia donde la asocian sentimentalmente con el senador Ad\u00e1n Augusto L\u00f3pez Hern\u00e1ndez, de ah\u00ed que haya algunos que afirman que su pareja trabaja en el Senado, cuando ella tiene una relaci\u00f3n p\u00fablica con un periodista espa\u00f1ol que nada tiene que ver con la administraci\u00f3n p\u00fablica. En ese momento la senadora desminti\u00f3 puntualmente pero no denunci\u00f3, en cambio los panistas hacen de los supuestos una realidad y de los rumores, un hecho consumado.<\/span><\/p>\n<p><span style=\"font-size: 14pt; font-family: arial, helvetica, sans-serif;\"><strong>PEGA Y CORRE.-<\/strong> El cambio de Compranet por la Plataforma Nacional de Contrataciones P\u00fablicas, es m\u00e1s transparente y f\u00e1cil de ubicar datos, solo que PRI y PAN votaron contra la sustituci\u00f3n porque les dio miedo que MC votara con Morena y sus aliados en ese cambio de nombre\u2026Esta columna se publica los lunes, mi\u00e9rcoles y viernes.<\/span><\/p>\n<p><img loading=\"lazy\" decoding=\"async\" class=\"alignnone wp-image-53683 size-full\" src=\"http:\/\/noticiasveracruz.com\/wp-content\/uploads\/2025\/04\/FIRMA-EDITORIAL-PD.jpg\" alt=\"\" width=\"1024\" height=\"125\" srcset=\"https:\/\/noticiasveracruz.com\/wp-content\/uploads\/2025\/04\/FIRMA-EDITORIAL-PD.jpg 1024w, https:\/\/noticiasveracruz.com\/wp-content\/uploads\/2025\/04\/FIRMA-EDITORIAL-PD-300x37.jpg 300w, https:\/\/noticiasveracruz.com\/wp-content\/uploads\/2025\/04\/FIRMA-EDITORIAL-PD-768x94.jpg 768w\" sizes=\"auto, (max-width: 1024px) 100vw, 1024px\" \/><\/p>\n","protected":false},"excerpt":{"rendered":"<p>ALMA GRANDE Por \u00c1ngel \u00c1lvaro Pe\u00f1a Ahora, se re\u00fanen los panistas, como es su costumbre, en la Fiscal\u00eda General de<\/p>\n","protected":false},"author":4,"featured_media":53514,"comment_status":"closed","ping_status":"closed","sticky":false,"template":"","format":"standard","meta":{"colormag_page_container_layout":"default_layout","colormag_page_sidebar_layout":"default_layout","_jetpack_memberships_contains_paid_content":false,"footnotes":"","jetpack_publicize_message":"","jetpack_publicize_feature_enabled":true,"jetpack_social_post_already_shared":true,"jetpack_social_options":{"image_generator_settings":{"template":"highway","default_image_id":0,"font":"","enabled":false},"version":2}},"categories":[6],"tags":[],"class_list":["post-53693","post","type-post","status-publish","format-standard","has-post-thumbnail","hentry","category-columnistas"],"jetpack_publicize_connections":[],"jetpack_featured_media_url":"https:\/\/noticiasveracruz.com\/wp-content\/uploads\/2025\/03\/BANNER-LOPEZ-DORIGA-DIGITAL-3.jpg","jetpack_sharing_enabled":true,"publishpress_future_action":{"enabled":false,"date":"2026-05-08 03:27:38","action":"change-status","newStatus":"draft","terms":[],"taxonomy":"category","extraData":[]},"publishpress_future_workflow_manual_trigger":{"enabledWorkflows":[]},"_links":{"self":[{"href":"https:\/\/noticiasveracruz.com\/index.php\/wp-json\/wp\/v2\/posts\/53693","targetHints":{"allow":["GET"]}}],"collection":[{"href":"https:\/\/noticiasveracruz.com\/index.php\/wp-json\/wp\/v2\/posts"}],"about":[{"href":"https:\/\/noticiasveracruz.com\/index.php\/wp-json\/wp\/v2\/types\/post"}],"author":[{"embeddable":true,"href":"https:\/\/noticiasveracruz.com\/index.php\/wp-json\/wp\/v2\/users\/4"}],"replies":[{"embeddable":true,"href":"https:\/\/noticiasveracruz.com\/index.php\/wp-json\/wp\/v2\/comments?post=53693"}],"version-history":[{"count":0,"href":"https:\/\/noticiasveracruz.com\/index.php\/wp-json\/wp\/v2\/posts\/53693\/revisions"}],"wp:featuredmedia":[{"embeddable":true,"href":"https:\/\/noticiasveracruz.com\/index.php\/wp-json\/wp\/v2\/media\/53514"}],"wp:attachment":[{"href":"https:\/\/noticiasveracruz.com\/index.php\/wp-json\/wp\/v2\/media?parent=53693"}],"wp:term":[{"taxonomy":"category","embeddable":true,"href":"https:\/\/noticiasveracruz.com\/index.php\/wp-json\/wp\/v2\/categories?post=53693"},{"taxonomy":"post_tag","embeddable":true,"href":"https:\/\/noticiasveracruz.com\/index.php\/wp-json\/wp\/v2\/tags?post=53693"}],"curies":[{"name":"wp","href":"https:\/\/api.w.org\/{rel}","templated":true}]}}