{"id":53652,"date":"2025-04-02T00:11:59","date_gmt":"2025-04-02T06:11:59","guid":{"rendered":"https:\/\/noticiasveracruz.com\/?p=53652"},"modified":"2025-04-01T23:15:41","modified_gmt":"2025-04-02T05:15:41","slug":"confirma-la-abm-a-emilio-romano-como-nuevo-presidente-de-los-banqueros","status":"publish","type":"post","link":"https:\/\/noticiasveracruz.com\/index.php\/2025\/04\/02\/confirma-la-abm-a-emilio-romano-como-nuevo-presidente-de-los-banqueros\/","title":{"rendered":"Confirma la ABM a Emilio Romano como nuevo presidente de los banqueros"},"content":{"rendered":"<div id=\"article-content-tts\" class=\"nota-contenido mb-5\">\n<div id=\"content_nitf\">\n<p>Emilio Romano Musalli, director ejecutivo y presidente del Consejo de Administraci\u00f3n de Bank of America M\u00e9xico, fue elegido como presidente de la Asociaci\u00f3n de Bancos de M\u00e9xico (ABM) para el periodo correspondiente de 2025 a 2027.<\/p>\n<p>La ABM confirm\u00f3 que Romano Musalli, tomar\u00e1 posesi\u00f3n de su cargo para sustituir al actual presidente, Julio Carranza, en el marco de la 88 Convenci\u00f3n Bancaria, que se realizar\u00e1 los pr\u00f3ximos 8 y 9 de mayo, como lo dio a conocer a finales de febrero.<\/p>\n<p>Lo anterior, precis\u00f3, es resultado de las votaciones para integrar el nuevo Comit\u00e9 de Direcci\u00f3n de la ABM, integrado por 51 instituciones bancarias.<\/p>\n<p>Emilio Romano Mussali es presidente del Consejo de Administraci\u00f3n de Bank of America M\u00e9xico desde 2014 y es licenciado en Derecho por la Escuela Libre de Derecho.<\/p>\n<p>Ha ocupado diversos cargos en la administraci\u00f3n p\u00fablica en la Secretar\u00eda de Hacienda y Cr\u00e9dito P\u00fablico, pues fue director general de Pol\u00edtica Tributaria y procurador fiscal de la Federaci\u00f3n.<\/p>\n<p>El director de BofA en M\u00e9xico fue tambi\u00e9n director general de Mexicana de Aviaci\u00f3n hasta 2007 y anteriormente, fue miembro del Consejo de Administraci\u00f3n de la Asociaci\u00f3n de Transporte A\u00e9reo Internacional (IATA).<\/p>\n<p>Tambi\u00e9n se definieron las vicepresidencias de los 3 grupos que conforman la ABM: en el A qued\u00f3 Tom\u00e1s Ehrenberg Aldford, de Ve por M\u00e1s y Mauricio Naranjo Gonz\u00e1lez de Monex; en el B, Eduardo Osuna Osuna de BBVA, Jorge Arce de HSBC, y Manuel Romo, de Banamex; y en el C, qued\u00f3 Felipe Garc\u00eda Moreno de JP Morgan y Jorge del Castillo de MUFG.<\/p>\n<\/div>\n<\/div>\n<div class=\"notas-relacionadas\"><\/div>\n<div class=\"nota-tags\"><\/div>\n","protected":false},"excerpt":{"rendered":"<p>Emilio Romano Musalli, director ejecutivo y presidente del Consejo de Administraci\u00f3n de Bank of America M\u00e9xico, fue elegido como presidente<\/p>\n","protected":false},"author":4,"featured_media":53653,"comment_status":"closed","ping_status":"closed","sticky":false,"template":"","format":"standard","meta":{"colormag_page_container_layout":"default_layout","colormag_page_sidebar_layout":"default_layout","_jetpack_memberships_contains_paid_content":false,"footnotes":"","jetpack_publicize_message":"","jetpack_publicize_feature_enabled":true,"jetpack_social_post_already_shared":true,"jetpack_social_options":{"image_generator_settings":{"template":"highway","default_image_id":0,"font":"","enabled":false},"version":2}},"categories":[1947],"tags":[],"class_list":["post-53652","post","type-post","status-publish","format-standard","has-post-thumbnail","hentry","category-economia"],"jetpack_publicize_connections":[],"jetpack_featured_media_url":"https:\/\/noticiasveracruz.com\/wp-content\/uploads\/2025\/04\/BAN.jpg","jetpack_sharing_enabled":true,"publishpress_future_action":{"enabled":false,"date":"2026-05-08 03:24:16","action":"change-status","newStatus":"draft","terms":[],"taxonomy":"category","extraData":[]},"publishpress_future_workflow_manual_trigger":{"enabledWorkflows":[]},"_links":{"self":[{"href":"https:\/\/noticiasveracruz.com\/index.php\/wp-json\/wp\/v2\/posts\/53652","targetHints":{"allow":["GET"]}}],"collection":[{"href":"https:\/\/noticiasveracruz.com\/index.php\/wp-json\/wp\/v2\/posts"}],"about":[{"href":"https:\/\/noticiasveracruz.com\/index.php\/wp-json\/wp\/v2\/types\/post"}],"author":[{"embeddable":true,"href":"https:\/\/noticiasveracruz.com\/index.php\/wp-json\/wp\/v2\/users\/4"}],"replies":[{"embeddable":true,"href":"https:\/\/noticiasveracruz.com\/index.php\/wp-json\/wp\/v2\/comments?post=53652"}],"version-history":[{"count":0,"href":"https:\/\/noticiasveracruz.com\/index.php\/wp-json\/wp\/v2\/posts\/53652\/revisions"}],"wp:featuredmedia":[{"embeddable":true,"href":"https:\/\/noticiasveracruz.com\/index.php\/wp-json\/wp\/v2\/media\/53653"}],"wp:attachment":[{"href":"https:\/\/noticiasveracruz.com\/index.php\/wp-json\/wp\/v2\/media?parent=53652"}],"wp:term":[{"taxonomy":"category","embeddable":true,"href":"https:\/\/noticiasveracruz.com\/index.php\/wp-json\/wp\/v2\/categories?post=53652"},{"taxonomy":"post_tag","embeddable":true,"href":"https:\/\/noticiasveracruz.com\/index.php\/wp-json\/wp\/v2\/tags?post=53652"}],"curies":[{"name":"wp","href":"https:\/\/api.w.org\/{rel}","templated":true}]}}