{"id":53649,"date":"2025-04-02T00:10:49","date_gmt":"2025-04-02T06:10:49","guid":{"rendered":"https:\/\/noticiasveracruz.com\/?p=53649"},"modified":"2025-04-01T23:13:52","modified_gmt":"2025-04-02T05:13:52","slug":"nuevas-proyecciones-economicas-de-hacienda-son-optimistas-banamex","status":"publish","type":"post","link":"https:\/\/noticiasveracruz.com\/index.php\/2025\/04\/02\/nuevas-proyecciones-economicas-de-hacienda-son-optimistas-banamex\/","title":{"rendered":"Nuevas proyecciones econ\u00f3micas de Hacienda son optimistas: Banamex"},"content":{"rendered":"<p>Las nuevas proyecciones para el desempe\u00f1o de la econom\u00eda mexicana este a\u00f1o, presentadas este martes por la Secretar\u00eda de Hacienda y Cr\u00e9dito P\u00fablico (SHCP) son optimistas, si se considera que la actividad se encuentra en un proceso de desaceleraci\u00f3n, plante\u00f3 Banamex.<\/p>\n<p>Este martes, la dependencia\u00a0present\u00f3 los Pre-Criterios Generales de Pol\u00edtica Econ\u00f3mica para 2026, en los que ajust\u00f3 a la baja su estimado para el crecimiento de la econom\u00eda este a\u00f1o, al pasar de un rango de entre dos y tres por ciento, a uno nuevo de entre 1.5 y 2.3 por ciento.<\/p>\n<p>\u201cHay algunos reconocimientos de algunos riesgos por el contexto externo (en los Pre-Criterios), pero se ven bastante lejanos de otros organismos.<\/p>\n<p>\u201cParecen optimistas, dado la inercia que trae la actividad econ\u00f3mica ya a inicios de abril, indicadores como la confianza empresarial o los pedidos manufactureros, que indican que la aton\u00eda de la actividad econ\u00f3mica persiste al cierre del primer trimestre\u201d, dijo Iv\u00e1n Arias, director de estudios econ\u00f3micos de Banamex.<\/p>\n<p>Para el economista, llegar a un crecimiento de 1.5 por ciento, como lo ve Hacienda en sus nuevos estimados \u201cen el contexto actual y la alta incertidumbre se ve bastante dif\u00edcil\u201d.<\/p>\n<p>Consider\u00f3 que el nuevo escenario presentado por la dependencia no contempla los efectos potenciales que podr\u00edan tener los aranceles que ser\u00e1n anunciados el d\u00eda de ma\u00f1ana por el presidente estadounidense Donald Trump.<\/p>\n<p>\u201cNo es un factor negativo dado que la dependencia no conoce (si se aplicar\u00e1n en contra de M\u00e9xico) al momento que se tienen que mandar (los Pre-Criterios) al Congreso, no es necesario asumir algo as\u00ed\u201d, puntualiz\u00f3.<\/p>\n<p>El economista abund\u00f3 que seg\u00fan las estimaciones del banco, no se necesitan aranceles en contra de M\u00e9xico \u201cpara que ya veamos los efectos reales de la ca\u00edda de la inversi\u00f3n\u201d.<\/p>\n","protected":false},"excerpt":{"rendered":"<p>Las nuevas proyecciones para el desempe\u00f1o de la econom\u00eda mexicana este a\u00f1o, presentadas este martes por la Secretar\u00eda de Hacienda<\/p>\n","protected":false},"author":4,"featured_media":53650,"comment_status":"closed","ping_status":"closed","sticky":false,"template":"","format":"standard","meta":{"colormag_page_container_layout":"default_layout","colormag_page_sidebar_layout":"default_layout","_jetpack_memberships_contains_paid_content":false,"footnotes":"","jetpack_publicize_message":"","jetpack_publicize_feature_enabled":true,"jetpack_social_post_already_shared":true,"jetpack_social_options":{"image_generator_settings":{"template":"highway","default_image_id":0,"font":"","enabled":false},"version":2}},"categories":[1947],"tags":[],"class_list":["post-53649","post","type-post","status-publish","format-standard","has-post-thumbnail","hentry","category-economia"],"jetpack_publicize_connections":[],"jetpack_featured_media_url":"https:\/\/noticiasveracruz.com\/wp-content\/uploads\/2025\/04\/BNX.jpg","jetpack_sharing_enabled":true,"publishpress_future_action":{"enabled":false,"date":"2026-05-08 03:27:38","action":"change-status","newStatus":"draft","terms":[],"taxonomy":"category","extraData":[]},"publishpress_future_workflow_manual_trigger":{"enabledWorkflows":[]},"_links":{"self":[{"href":"https:\/\/noticiasveracruz.com\/index.php\/wp-json\/wp\/v2\/posts\/53649","targetHints":{"allow":["GET"]}}],"collection":[{"href":"https:\/\/noticiasveracruz.com\/index.php\/wp-json\/wp\/v2\/posts"}],"about":[{"href":"https:\/\/noticiasveracruz.com\/index.php\/wp-json\/wp\/v2\/types\/post"}],"author":[{"embeddable":true,"href":"https:\/\/noticiasveracruz.com\/index.php\/wp-json\/wp\/v2\/users\/4"}],"replies":[{"embeddable":true,"href":"https:\/\/noticiasveracruz.com\/index.php\/wp-json\/wp\/v2\/comments?post=53649"}],"version-history":[{"count":0,"href":"https:\/\/noticiasveracruz.com\/index.php\/wp-json\/wp\/v2\/posts\/53649\/revisions"}],"wp:featuredmedia":[{"embeddable":true,"href":"https:\/\/noticiasveracruz.com\/index.php\/wp-json\/wp\/v2\/media\/53650"}],"wp:attachment":[{"href":"https:\/\/noticiasveracruz.com\/index.php\/wp-json\/wp\/v2\/media?parent=53649"}],"wp:term":[{"taxonomy":"category","embeddable":true,"href":"https:\/\/noticiasveracruz.com\/index.php\/wp-json\/wp\/v2\/categories?post=53649"},{"taxonomy":"post_tag","embeddable":true,"href":"https:\/\/noticiasveracruz.com\/index.php\/wp-json\/wp\/v2\/tags?post=53649"}],"curies":[{"name":"wp","href":"https:\/\/api.w.org\/{rel}","templated":true}]}}